{"id":17983,"date":"2017-04-28T18:31:37","date_gmt":"2017-04-28T21:31:37","guid":{"rendered":"https:\/\/eldiariodesanpedro.com.ar\/sitio\/?p=17983"},"modified":"2017-04-28T18:31:37","modified_gmt":"2017-04-28T21:31:37","slug":"la-policia-secuestro-una-escopeta-y-un-revolver-por-un-hehco-de-abuso-de-armas","status":"publish","type":"post","link":"https:\/\/eldiariodesanpedro.com.ar\/sitio\/la-policia-secuestro-una-escopeta-y-un-revolver-por-un-hehco-de-abuso-de-armas\/","title":{"rendered":"La polic\u00eda secuestr\u00f3 una escopeta y un revolver por un hehco de \u00ababuso de armas\u00bb"},"content":{"rendered":"<p><!-- VideographyWP Plugin Message: Automatic video embedding prevented by plugin options. --><br \/>\nEn la jornada de hoy, personal de la Comisar\u00eda en conjunto con la DDI dieron cumplimiento a una diligencia de allanamiento ordenada por el Juzgado de Garant\u00edas N\u00b0 2, en el barrio Bajo Puerto, en el marco de una causa por \u201camenazas calificadas\u201d.<\/p>\n<p>En el domicilio se secuestr\u00f3 una pistola 9 mm. marca Bersa y una escopeta 16 mm. de la misma marca.<\/p>\n<p>La Fiscal\u00eda interviniente dispuso para con el due\u00f1o de las armas, la notificaci\u00f3n de la formaci\u00f3n de la causa.<\/p>\n","protected":false},"excerpt":{"rendered":"<p>En la jornada de hoy, personal de la Comisar\u00eda en conjunto con la DDI dieron cumplimiento a una diligencia de allanamiento ordenada por el Juzgado de Garant\u00edas N\u00b0 2, en el barrio Bajo Puerto, en el marco de una causa por \u201camenazas calificadas\u201d. En el domicilio se secuestr\u00f3 una pistola 9 mm. marca Bersa y [&hellip;]<\/p>\n","protected":false},"author":4,"featured_media":14758,"comment_status":"open","ping_status":"closed","sticky":false,"template":"","format":"standard","meta":{"om_disable_all_campaigns":false,"_jetpack_memberships_contains_paid_content":false,"footnotes":""},"categories":[2,103],"tags":[],"class_list":["post-17983","post","type-post","status-publish","format-standard","has-post-thumbnail","hentry","category-locales","category-policiales-locales"],"aioseo_notices":[],"gutentor_comment":0,"jetpack_featured_media_url":"https:\/\/eldiariodesanpedro.com.ar\/sitio\/wp-content\/uploads\/2017\/02\/camioneta-policia.jpg","jetpack_shortlink":"https:\/\/wp.me\/p6RhLt-4G3","jetpack_sharing_enabled":true,"_links":{"self":[{"href":"https:\/\/eldiariodesanpedro.com.ar\/sitio\/wp-json\/wp\/v2\/posts\/17983","targetHints":{"allow":["GET"]}}],"collection":[{"href":"https:\/\/eldiariodesanpedro.com.ar\/sitio\/wp-json\/wp\/v2\/posts"}],"about":[{"href":"https:\/\/eldiariodesanpedro.com.ar\/sitio\/wp-json\/wp\/v2\/types\/post"}],"author":[{"embeddable":true,"href":"https:\/\/eldiariodesanpedro.com.ar\/sitio\/wp-json\/wp\/v2\/users\/4"}],"replies":[{"embeddable":true,"href":"https:\/\/eldiariodesanpedro.com.ar\/sitio\/wp-json\/wp\/v2\/comments?post=17983"}],"version-history":[{"count":1,"href":"https:\/\/eldiariodesanpedro.com.ar\/sitio\/wp-json\/wp\/v2\/posts\/17983\/revisions"}],"predecessor-version":[{"id":17986,"href":"https:\/\/eldiariodesanpedro.com.ar\/sitio\/wp-json\/wp\/v2\/posts\/17983\/revisions\/17986"}],"wp:featuredmedia":[{"embeddable":true,"href":"https:\/\/eldiariodesanpedro.com.ar\/sitio\/wp-json\/wp\/v2\/media\/14758"}],"wp:attachment":[{"href":"https:\/\/eldiariodesanpedro.com.ar\/sitio\/wp-json\/wp\/v2\/media?parent=17983"}],"wp:term":[{"taxonomy":"category","embeddable":true,"href":"https:\/\/eldiariodesanpedro.com.ar\/sitio\/wp-json\/wp\/v2\/categories?post=17983"},{"taxonomy":"post_tag","embeddable":true,"href":"https:\/\/eldiariodesanpedro.com.ar\/sitio\/wp-json\/wp\/v2\/tags?post=17983"}],"curies":[{"name":"wp","href":"https:\/\/api.w.org\/{rel}","templated":true}]}}