{"id":17979,"date":"2017-04-28T18:27:07","date_gmt":"2017-04-28T21:27:07","guid":{"rendered":"https:\/\/eldiariodesanpedro.com.ar\/sitio\/?p=17979"},"modified":"2017-04-28T18:27:07","modified_gmt":"2017-04-28T21:27:07","slug":"la-policia-detuvo-a-dos-delincuentes-que-formaban-parte-de-una-banda-de-estafadores","status":"publish","type":"post","link":"https:\/\/eldiariodesanpedro.com.ar\/sitio\/la-policia-detuvo-a-dos-delincuentes-que-formaban-parte-de-una-banda-de-estafadores\/","title":{"rendered":"La Polic\u00eda detuvo a dos delincuentes que formaban parte de una banda de estafadores"},"content":{"rendered":"<p><!-- VideographyWP Plugin Message: Automatic video embedding prevented by plugin options. --><br \/>\nFueron detenidas dos personas en la jornada de hoy en el marco de una causas caratulada como \u201cestafas, defraudaciones, robos y hurtos\u201d. Se llev\u00f3 a cabo un procedimiento ordenado por el Juzgado de Garant\u00edas N\u00ba3 del Depto. Jud. San Nicol\u00e1s solicitada por la U.F.I. N\u00ba 6.<\/p>\n<p>Participaron de la diligencia personal de la Sub DDI Arrecifes y la de Baradero San Pedro, adem\u00e1s de efectivos de la Comisar\u00eda San Pedro.<\/p>\n<p>Se trata de una investigaci\u00f3n que tuvo como objetivo desbaratar una organizaci\u00f3n delictiva dedicada a la concreci\u00f3n de operaciones comerciales con cheques ap\u00f3crifos o sustra\u00eddos, como as\u00ed tambi\u00e9n el comercio de veh\u00edculos robados en el conurbano bonaerense, entre otros delitos delitos.<\/p>\n<p>El allanamiento se llev\u00f3 a cabo en un domicilio de Independencia N\u00ba 200 de nuestra ciudad donde resid\u00edan en forma temporal los dos sujetos oriundos de San Pedro, Maximiliano Ezequiel Buroni y Gonzalo Curros, quienes resultan ser miembros de la organizaci\u00f3n delictiva mencionada.<\/p>\n<p>Como consecuencia de ello, se logr\u00f3 el secuestro de numerosos cheques del Banco Credicoop sucursal Arrecifes en blanco, como as\u00ed tambi\u00e9n cheques de la entidad bancaria Santander R\u00edo, listos para su utilizaci\u00f3n, agendas, anotaciones, c\u00e9dulas de identificaci\u00f3n y t\u00edtulos de propiedad automotor ap\u00f3crifos y un autom\u00f3vil marca Peugeot 208, dominio OGB-871, color gris, con presunta numeraci\u00f3n adulterada.<\/p>\n<p>El Fiscal Dr. Giagnorio, dispuso la aprehensi\u00f3n de los malvivientes y su traslado a sede judicial  para que se lleve a cabo la primera audiencia. A su vez se dio intervenci\u00f3n tambi\u00e9n a la Ayudant\u00eda Fiscal de Ramallo a cargo de la Dra. Fern\u00e1ndez y Ayudant\u00eda Fiscal de Arrecifes, a cargo de Dr. Iglesias, en cuyas jurisdicciones se tramitan parte de las causas en cuesti\u00f3n. Asimismo se pudo establecer que ambos imputados registran pedido de captura vigente solicitado por la Unidad Fiscal de Rufino en la Pcia. de Santa Fe, por ocho delitos de estafas y tres delitos de hurtos. Se trata de delitos bajo la misma modalidad empleada por la banda en las localidades de Arrecifes, Ramallo, Capit\u00e1n Sarmiento, Chivilcoy, entre otras localidades donde se ha constatado la concreci\u00f3n de distintos hechos por parte de esta organizaci\u00f3n.<\/p>\n<p>Los detenidos alojados en DDI San Nicol\u00e1s a disposici\u00f3n del magistrado interviniente.<\/p>\n","protected":false},"excerpt":{"rendered":"<p>Fueron detenidas dos personas en la jornada de hoy en el marco de una causas caratulada como \u201cestafas, defraudaciones, robos y hurtos\u201d. Se llev\u00f3 a cabo un procedimiento ordenado por el Juzgado de Garant\u00edas N\u00ba3 del Depto. Jud. San Nicol\u00e1s solicitada por la U.F.I. N\u00ba 6. Participaron de la diligencia personal de la Sub DDI [&hellip;]<\/p>\n","protected":false},"author":4,"featured_media":17981,"comment_status":"open","ping_status":"closed","sticky":false,"template":"","format":"standard","meta":{"om_disable_all_campaigns":false,"_jetpack_memberships_contains_paid_content":false,"footnotes":""},"categories":[2,103],"tags":[],"class_list":["post-17979","post","type-post","status-publish","format-standard","has-post-thumbnail","hentry","category-locales","category-policiales-locales"],"aioseo_notices":[],"gutentor_comment":0,"jetpack_featured_media_url":"https:\/\/eldiariodesanpedro.com.ar\/sitio\/wp-content\/uploads\/2017\/04\/Dos-arrecife\u00f1os-detenidos.jpg","jetpack_shortlink":"https:\/\/wp.me\/p6RhLt-4FZ","jetpack_sharing_enabled":true,"_links":{"self":[{"href":"https:\/\/eldiariodesanpedro.com.ar\/sitio\/wp-json\/wp\/v2\/posts\/17979","targetHints":{"allow":["GET"]}}],"collection":[{"href":"https:\/\/eldiariodesanpedro.com.ar\/sitio\/wp-json\/wp\/v2\/posts"}],"about":[{"href":"https:\/\/eldiariodesanpedro.com.ar\/sitio\/wp-json\/wp\/v2\/types\/post"}],"author":[{"embeddable":true,"href":"https:\/\/eldiariodesanpedro.com.ar\/sitio\/wp-json\/wp\/v2\/users\/4"}],"replies":[{"embeddable":true,"href":"https:\/\/eldiariodesanpedro.com.ar\/sitio\/wp-json\/wp\/v2\/comments?post=17979"}],"version-history":[{"count":1,"href":"https:\/\/eldiariodesanpedro.com.ar\/sitio\/wp-json\/wp\/v2\/posts\/17979\/revisions"}],"predecessor-version":[{"id":17982,"href":"https:\/\/eldiariodesanpedro.com.ar\/sitio\/wp-json\/wp\/v2\/posts\/17979\/revisions\/17982"}],"wp:featuredmedia":[{"embeddable":true,"href":"https:\/\/eldiariodesanpedro.com.ar\/sitio\/wp-json\/wp\/v2\/media\/17981"}],"wp:attachment":[{"href":"https:\/\/eldiariodesanpedro.com.ar\/sitio\/wp-json\/wp\/v2\/media?parent=17979"}],"wp:term":[{"taxonomy":"category","embeddable":true,"href":"https:\/\/eldiariodesanpedro.com.ar\/sitio\/wp-json\/wp\/v2\/categories?post=17979"},{"taxonomy":"post_tag","embeddable":true,"href":"https:\/\/eldiariodesanpedro.com.ar\/sitio\/wp-json\/wp\/v2\/tags?post=17979"}],"curies":[{"name":"wp","href":"https:\/\/api.w.org\/{rel}","templated":true}]}}