{"id":17960,"date":"2017-04-27T20:55:48","date_gmt":"2017-04-27T23:55:48","guid":{"rendered":"https:\/\/eldiariodesanpedro.com.ar\/sitio\/?p=17960"},"modified":"2026-01-24T00:26:25","modified_gmt":"2026-01-24T03:26:25","slug":"automovilismo-iglesias-y-artigues-ganadores-en-baradero","status":"publish","type":"post","link":"https:\/\/eldiariodesanpedro.com.ar\/sitio\/automovilismo-iglesias-y-artigues-ganadores-en-baradero\/","title":{"rendered":"AUTOMOVILISMO: Iglesias y Artigues ganadores en Baradero"},"content":{"rendered":"<p><!-- VideographyWP Plugin Message: Automatic video embedding prevented by plugin options. --><br \/>\nOtro fin de semana de actividad zonal y nacional para los pilotos de nuestra ciudad de San Pedro. Teniendo en cuenta los zonales, estuvieron participando pilotos en la Federaci\u00f3n Norte de Automovilismo (FEDENOR) y en el Car Show Santafecino tambi\u00e9n.   Dentro del \u00e1mbito nacional, se corri\u00f3 la cuarta Fecha del Campeonato del TCPM en la ciudad de La Plata. <\/p>\n<p>  Fernando \u201cMorro\u201d Iglesias una vez m\u00e1s estuvo presente, pero no con el mismo auto de siempre, sino que se lo pudo ver arriba de otra \u201cchevy\u201d de Juanjo T\u00e1rtara. El cambio de auto desde un principio, se pens\u00f3 para dar un salto y as\u00ed estar en los primeros lugares de la competencia. Lo cual, no se pudo lograr ya que su m\u00e1quina tuvo distintos problemas el\u00e9ctricos sobre el domingo en la final, haciendo que el sampedrino termine d\u00e9cimo octavo. El \u201cmorro\u201d se ubica d\u00e9cimo sexto en el campeonato con 75 unidades y, con respecto a esto, se aspira a estar entre los 12 primeros para pelear por la corona. <\/p>\n<p>  La pr\u00f3xima fecha ser\u00e1 el 7 de mayo, en el Aut\u00f3dromo Nacional de Toay.<\/p>\n<p><strong>Fedenor en Baradero<\/strong><br \/>\n  FEDENOR se disput\u00f3 en el circuito Barrancas de Baradero. Dentro de la m\u00e1xima categor\u00eda como lo es el TC Zonal, el domingo por la ma\u00f1ana, lograba cerrar su clasificaci\u00f3n que lo ten\u00eda en lo m\u00e1s alto a Juan Manuel Iglesias en su segunda carrera a partir de su retome a las pistas. M\u00e1s tarde se ir\u00edan disputando las dos finales, donde lo ubicaban tercero en la primera, y en la segunda como ganador absoluto de la misma. Lo escoltaron Dar\u00edo Matkovich y Esteban Monteverde.<\/p>\n<p>  Por otra parte, en el TC 4000 Limitado Bonaerense, Rub\u00e9n Artigues se rob\u00f3 todos los puntos del fin de semana. El d\u00eda s\u00e1bado en la clasificaci\u00f3n cerraba una vuelta que lo posicionaba como el poleman de la fecha. Ya el domingo, lograba ganar su serie respectiva, as\u00ed largar en la primera grilla de la competencia final y conseguir ser el primero en ver la bandera a cuadros. Lo siguieron Facundo Peluzza y Eduardo Reverter.<\/p>\n<p>  En la Formula Renault Bonaerense, el joven Ezequiel Iglesias finalizo d\u00e9cimo en su serie \u00fanica y en la final, el ganador fue Carlos Hern\u00e1ndez, mientras que, el sampedrino culmin\u00f3 en la ubicaci\u00f3n novena, pero sin fortuna ya que fue sin el total de vueltas para \u00e9l.<br \/>\n  Por \u00faltimo, la divisional con m\u00e1s pilotos de nuestra ciudad, el TC 850 Bonaerense tuvo el domingo temprano tres series donde en cada una hubo una buena actuaci\u00f3n de ellos.<\/p>\n<p>  En la primera el ganador fue Roberto De Virgilio, segundo Maximiliano Maes, tercero Franco Chaparro y cuarto Osvaldo Del Prado, en las ubicaciones m\u00e1s destacadas.<\/p>\n<p>  La segunda lo tuvo en primer lugar a Santiago Molina, seguido por Patricio Buroni, Jorge \u201cPotolo\u201d Hepp y Federico Parra.<br \/>\n  En la \u00faltima, antes de la final, el victorioso fue Diego Luppi escoltado de cerca por Pablo Marelli, Luciano Stefanazzi y tambi\u00e9n por Sergio D\u00edaz.<\/p>\n<p>  Despu\u00e9s de haber calentado motores y recorrer la pista, se larg\u00f3 la final tan esperada, donde el flamante triunfador fue Santiago Molina, segundo Diego Luppi, tercero Maximiliano Maes, cuarto Roberto De Virgilio, quinto Federico Parra, sexto Pablo Marelli, s\u00e9ptimo Osvaldo Del Prado, octavo Mat\u00edas Fern\u00e1ndez Motta, noveno Gustavo Ant\u00fanez y cerrando los primeros diez del clasificador, Carlos Rabanal.<br \/>\n  La pr\u00f3xima Fecha como estaba pactada desde principio de a\u00f1o, ser\u00e1 el 9 de mayo en Col\u00f3n.<\/p>\n<p><strong>Car Show Santafecino <\/strong><br \/>\n  La tercera competencia de dicha competencia se present\u00f3 en Alta Gracia. <\/p>\n<p>  Federico Dom\u00ednguez, competidor del Turismo Fiat, logr\u00f3 cerrar un fin de semana bastante positivo. Al no conocer el circuito, en su serie logr\u00f3 terminar d\u00e9cimo tratando de ir agarr\u00e1ndole la mano y no cometer errores. Ya para la final, todo para el \u201cpescadito\u201d fue tomando color. Consigui\u00f3 avanzar posiciones desde la largada y as\u00ed culminar d\u00e9cimo quinto, con el objetivo de siempre mantenerse en pista. La carrera fue ganada por Mat\u00edas Cravero de punta a punta, seguido por Maximiliano Andreis y Santiago Robledo.<\/p>\n<p>  Alejandro Ram\u00f3n y Jorge Caso, con el Caso Competici\u00f3n en el TC 4000, tal vez no hayan logrado los resultados deseados, ya que surgieron distintos inconvenientes, como por ejemplo en el motor de Alejandro. Cerca del mediod\u00eda del domingo, se corr\u00edan las series correspondientes donde Ram\u00f3n terminaba quinto y Caso s\u00e9ptimo. En la final, lograron las ubicaciones nueve (Alejandro) y diez (Jorge) de la competencia. Ya Rafaela los est\u00e1 esperando el 21 del siguiente mes.<br \/>\n(Qendresa Solmi)<\/p>\n<p><a href=\"https:\/\/eldiariodesanpedro.com.ar\/sitio\/wp-content\/uploads\/2017\/04\/Corredores-y-aficionados-del-automovilismo-posando-para-El-Diario.jpg\"><img decoding=\"async\" data-attachment-id=\"17963\" data-permalink=\"https:\/\/eldiariodesanpedro.com.ar\/sitio\/automovilismo-iglesias-y-artigues-ganadores-en-baradero\/corredores-y-aficionados-del-automovilismo-posando-para-el-diario\/\" data-orig-file=\"https:\/\/eldiariodesanpedro.com.ar\/sitio\/wp-content\/uploads\/2017\/04\/Corredores-y-aficionados-del-automovilismo-posando-para-El-Diario.jpg\" data-orig-size=\"762,774\" data-comments-opened=\"1\" data-image-meta=\"{&quot;aperture&quot;:&quot;0&quot;,&quot;credit&quot;:&quot;&quot;,&quot;camera&quot;:&quot;&quot;,&quot;caption&quot;:&quot;&quot;,&quot;created_timestamp&quot;:&quot;0&quot;,&quot;copyright&quot;:&quot;&quot;,&quot;focal_length&quot;:&quot;0&quot;,&quot;iso&quot;:&quot;0&quot;,&quot;shutter_speed&quot;:&quot;0&quot;,&quot;title&quot;:&quot;&quot;,&quot;orientation&quot;:&quot;0&quot;}\" data-image-title=\"Corredores y aficionados del automovilismo posando para El Diario\" data-image-description=\"\" data-image-caption=\"\" data-large-file=\"https:\/\/eldiariodesanpedro.com.ar\/sitio\/wp-content\/uploads\/2017\/04\/Corredores-y-aficionados-del-automovilismo-posando-para-El-Diario.jpg\" data-src=\"https:\/\/eldiariodesanpedro.com.ar\/sitio\/wp-content\/uploads\/2017\/04\/Corredores-y-aficionados-del-automovilismo-posando-para-El-Diario-295x300.jpg\" alt=\"\" width=\"295\" height=\"300\" class=\"alignnone size-medium wp-image-17963 lazyload\" data-srcset=\"https:\/\/eldiariodesanpedro.com.ar\/sitio\/wp-content\/uploads\/2017\/04\/Corredores-y-aficionados-del-automovilismo-posando-para-El-Diario-295x300.jpg 295w, https:\/\/eldiariodesanpedro.com.ar\/sitio\/wp-content\/uploads\/2017\/04\/Corredores-y-aficionados-del-automovilismo-posando-para-El-Diario.jpg 762w\" data-sizes=\"(max-width: 295px) 100vw, 295px\" src=\"data:image\/svg+xml;base64,PHN2ZyB3aWR0aD0iMSIgaGVpZ2h0PSIxIiB4bWxucz0iaHR0cDovL3d3dy53My5vcmcvMjAwMC9zdmciPjwvc3ZnPg==\" style=\"--smush-placeholder-width: 295px; --smush-placeholder-aspect-ratio: 295\/300;\" \/><\/a><\/p>\n","protected":false},"excerpt":{"rendered":"<p>Otro fin de semana de actividad zonal y nacional para los pilotos de nuestra ciudad de San Pedro. Teniendo en cuenta los zonales, estuvieron participando pilotos en la Federaci\u00f3n Norte de Automovilismo (FEDENOR) y en el Car Show Santafecino tambi\u00e9n. Dentro del \u00e1mbito nacional, se corri\u00f3 la cuarta Fecha del Campeonato del TCPM en la [&hellip;]<\/p>\n","protected":false},"author":4,"featured_media":17962,"comment_status":"open","ping_status":"closed","sticky":false,"template":"","format":"standard","meta":{"om_disable_all_campaigns":false,"_jetpack_memberships_contains_paid_content":false,"footnotes":""},"categories":[5],"tags":[],"class_list":["post-17960","post","type-post","status-publish","format-standard","has-post-thumbnail","hentry","category-deportes"],"aioseo_notices":[],"gutentor_comment":0,"jetpack_featured_media_url":"https:\/\/eldiariodesanpedro.com.ar\/sitio\/wp-content\/uploads\/2017\/04\/\u201cPescadito\u201d-Dom\u00ednguez.jpg","jetpack_shortlink":"https:\/\/wp.me\/p6RhLt-4FG","jetpack_sharing_enabled":true,"_links":{"self":[{"href":"https:\/\/eldiariodesanpedro.com.ar\/sitio\/wp-json\/wp\/v2\/posts\/17960","targetHints":{"allow":["GET"]}}],"collection":[{"href":"https:\/\/eldiariodesanpedro.com.ar\/sitio\/wp-json\/wp\/v2\/posts"}],"about":[{"href":"https:\/\/eldiariodesanpedro.com.ar\/sitio\/wp-json\/wp\/v2\/types\/post"}],"author":[{"embeddable":true,"href":"https:\/\/eldiariodesanpedro.com.ar\/sitio\/wp-json\/wp\/v2\/users\/4"}],"replies":[{"embeddable":true,"href":"https:\/\/eldiariodesanpedro.com.ar\/sitio\/wp-json\/wp\/v2\/comments?post=17960"}],"version-history":[{"count":1,"href":"https:\/\/eldiariodesanpedro.com.ar\/sitio\/wp-json\/wp\/v2\/posts\/17960\/revisions"}],"predecessor-version":[{"id":17964,"href":"https:\/\/eldiariodesanpedro.com.ar\/sitio\/wp-json\/wp\/v2\/posts\/17960\/revisions\/17964"}],"wp:featuredmedia":[{"embeddable":true,"href":"https:\/\/eldiariodesanpedro.com.ar\/sitio\/wp-json\/wp\/v2\/media\/17962"}],"wp:attachment":[{"href":"https:\/\/eldiariodesanpedro.com.ar\/sitio\/wp-json\/wp\/v2\/media?parent=17960"}],"wp:term":[{"taxonomy":"category","embeddable":true,"href":"https:\/\/eldiariodesanpedro.com.ar\/sitio\/wp-json\/wp\/v2\/categories?post=17960"},{"taxonomy":"post_tag","embeddable":true,"href":"https:\/\/eldiariodesanpedro.com.ar\/sitio\/wp-json\/wp\/v2\/tags?post=17960"}],"curies":[{"name":"wp","href":"https:\/\/api.w.org\/{rel}","templated":true}]}}