{"id":17957,"date":"2017-04-27T20:49:31","date_gmt":"2017-04-27T23:49:31","guid":{"rendered":"https:\/\/eldiariodesanpedro.com.ar\/sitio\/?p=17957"},"modified":"2026-01-24T00:26:26","modified_gmt":"2026-01-24T03:26:26","slug":"optimist-timoneles-del-club-nautico-a-paraguay","status":"publish","type":"post","link":"https:\/\/eldiariodesanpedro.com.ar\/sitio\/optimist-timoneles-del-club-nautico-a-paraguay\/","title":{"rendered":"OPTIMIST: Timoneles del Club N\u00e1utico a Paraguay"},"content":{"rendered":"<p><!-- VideographyWP Plugin Message: Automatic video embedding prevented by plugin options. --><br \/>\nRepresentantes del Club N\u00e1utico rumbo a Paraguay para el Sudamericano de Optimist 2017 en Encarnaci\u00f3n. Con Juan Manuel Briones como entrenador viajan Malena Sciarra Federico Moretti y Mayl\u00e9n Muscia.<\/p>\n","protected":false},"excerpt":{"rendered":"<p>Representantes del Club N\u00e1utico rumbo a Paraguay para el Sudamericano de Optimist 2017 en Encarnaci\u00f3n. Con Juan Manuel Briones como entrenador viajan Malena Sciarra Federico Moretti y Mayl\u00e9n Muscia.<\/p>\n","protected":false},"author":4,"featured_media":17958,"comment_status":"open","ping_status":"closed","sticky":false,"template":"","format":"standard","meta":{"om_disable_all_campaigns":false,"_jetpack_memberships_contains_paid_content":false,"footnotes":""},"categories":[5],"tags":[],"class_list":["post-17957","post","type-post","status-publish","format-standard","has-post-thumbnail","hentry","category-deportes"],"aioseo_notices":[],"gutentor_comment":0,"jetpack_featured_media_url":"https:\/\/eldiariodesanpedro.com.ar\/sitio\/wp-content\/uploads\/2017\/04\/optimist.jpg","jetpack_shortlink":"https:\/\/wp.me\/p6RhLt-4FD","jetpack_sharing_enabled":true,"_links":{"self":[{"href":"https:\/\/eldiariodesanpedro.com.ar\/sitio\/wp-json\/wp\/v2\/posts\/17957","targetHints":{"allow":["GET"]}}],"collection":[{"href":"https:\/\/eldiariodesanpedro.com.ar\/sitio\/wp-json\/wp\/v2\/posts"}],"about":[{"href":"https:\/\/eldiariodesanpedro.com.ar\/sitio\/wp-json\/wp\/v2\/types\/post"}],"author":[{"embeddable":true,"href":"https:\/\/eldiariodesanpedro.com.ar\/sitio\/wp-json\/wp\/v2\/users\/4"}],"replies":[{"embeddable":true,"href":"https:\/\/eldiariodesanpedro.com.ar\/sitio\/wp-json\/wp\/v2\/comments?post=17957"}],"version-history":[{"count":1,"href":"https:\/\/eldiariodesanpedro.com.ar\/sitio\/wp-json\/wp\/v2\/posts\/17957\/revisions"}],"predecessor-version":[{"id":17959,"href":"https:\/\/eldiariodesanpedro.com.ar\/sitio\/wp-json\/wp\/v2\/posts\/17957\/revisions\/17959"}],"wp:featuredmedia":[{"embeddable":true,"href":"https:\/\/eldiariodesanpedro.com.ar\/sitio\/wp-json\/wp\/v2\/media\/17958"}],"wp:attachment":[{"href":"https:\/\/eldiariodesanpedro.com.ar\/sitio\/wp-json\/wp\/v2\/media?parent=17957"}],"wp:term":[{"taxonomy":"category","embeddable":true,"href":"https:\/\/eldiariodesanpedro.com.ar\/sitio\/wp-json\/wp\/v2\/categories?post=17957"},{"taxonomy":"post_tag","embeddable":true,"href":"https:\/\/eldiariodesanpedro.com.ar\/sitio\/wp-json\/wp\/v2\/tags?post=17957"}],"curies":[{"name":"wp","href":"https:\/\/api.w.org\/{rel}","templated":true}]}}