{"id":17955,"date":"2017-04-27T20:35:45","date_gmt":"2017-04-27T23:35:45","guid":{"rendered":"https:\/\/eldiariodesanpedro.com.ar\/sitio\/?p=17955"},"modified":"2026-01-24T00:26:27","modified_gmt":"2026-01-24T03:26:27","slug":"natacion-gran-actuacion-del-equipo-de-federados-de-pescadores","status":"publish","type":"post","link":"https:\/\/eldiariodesanpedro.com.ar\/sitio\/natacion-gran-actuacion-del-equipo-de-federados-de-pescadores\/","title":{"rendered":"NATACI\u00d3N: Gran actuaci\u00f3n del equipo de federados de Pescadores"},"content":{"rendered":"<p><!-- VideographyWP Plugin Message: Automatic video embedding prevented by plugin options. --><br \/>\n  El s\u00e1bado se corri\u00f3 la 3\u00b0 y 4\u00b0 Fecha para federados en el Club Los Andes de Villa Ramallo organizado por FANNBA, con presencia de nadadores locales. <\/p>\n<p>  En N\u00e1utico se destacaron los tres primeros puestos a cargo de Bruno Giles Penino (50 m. mariposa, 100 m. combinados y 100 m. libres). Tambi\u00e9n se destacaron las chicas de la posta 4 x 100 Libre (Violee Duzac, Guadalupe Albe, Melina Arias y Juana Salinas) que obtuvieron el 3\u00b0 lugar en la categor\u00eda cadetes. Tambi\u00e9n participaron Denise Arias, Bernarda Graff y Valentina Franco.<\/p>\n<p>  Los representantes del Club Pescadores, con numerosa delegaci\u00f3n, obtuvo los siguientes resultados:<\/p>\n<p>Lograron el primer puesto: Aguilar Lara, Carolina Falco, Valentina Noto, Manuela Epelde, Lara Vlaeminck, Sof\u00eda Zabaleta, Estefan\u00eda Mart\u00ednez, Maximiliano Rosell\u00f3, Juli\u00e1n Mariani, Alan Rosell\u00f3 y Marco Paladini. <\/p>\n<p>  Pescadores fue primero en postas y obtuvo varios 2\u00b0 y 3\u00b0 puesto en diferentes modalidades y pruebas.<\/p>\n<p>  El pr\u00f3ximo s\u00e1bado participan de doble jornada de Promocionales en el Polideportivo de la Municipalidad de San Isidro.<\/p>\n","protected":false},"excerpt":{"rendered":"<p>El s\u00e1bado se corri\u00f3 la 3\u00b0 y 4\u00b0 Fecha para federados en el Club Los Andes de Villa Ramallo organizado por FANNBA, con presencia de nadadores locales. En N\u00e1utico se destacaron los tres primeros puestos a cargo de Bruno Giles Penino (50 m. mariposa, 100 m. combinados y 100 m. libres). Tambi\u00e9n se destacaron las [&hellip;]<\/p>\n","protected":false},"author":4,"featured_media":0,"comment_status":"open","ping_status":"closed","sticky":false,"template":"","format":"standard","meta":{"om_disable_all_campaigns":false,"_jetpack_memberships_contains_paid_content":false,"footnotes":""},"categories":[5],"tags":[],"class_list":["post-17955","post","type-post","status-publish","format-standard","hentry","category-deportes"],"aioseo_notices":[],"gutentor_comment":0,"jetpack_featured_media_url":"","jetpack_shortlink":"https:\/\/wp.me\/p6RhLt-4FB","jetpack_sharing_enabled":true,"_links":{"self":[{"href":"https:\/\/eldiariodesanpedro.com.ar\/sitio\/wp-json\/wp\/v2\/posts\/17955","targetHints":{"allow":["GET"]}}],"collection":[{"href":"https:\/\/eldiariodesanpedro.com.ar\/sitio\/wp-json\/wp\/v2\/posts"}],"about":[{"href":"https:\/\/eldiariodesanpedro.com.ar\/sitio\/wp-json\/wp\/v2\/types\/post"}],"author":[{"embeddable":true,"href":"https:\/\/eldiariodesanpedro.com.ar\/sitio\/wp-json\/wp\/v2\/users\/4"}],"replies":[{"embeddable":true,"href":"https:\/\/eldiariodesanpedro.com.ar\/sitio\/wp-json\/wp\/v2\/comments?post=17955"}],"version-history":[{"count":1,"href":"https:\/\/eldiariodesanpedro.com.ar\/sitio\/wp-json\/wp\/v2\/posts\/17955\/revisions"}],"predecessor-version":[{"id":17956,"href":"https:\/\/eldiariodesanpedro.com.ar\/sitio\/wp-json\/wp\/v2\/posts\/17955\/revisions\/17956"}],"wp:attachment":[{"href":"https:\/\/eldiariodesanpedro.com.ar\/sitio\/wp-json\/wp\/v2\/media?parent=17955"}],"wp:term":[{"taxonomy":"category","embeddable":true,"href":"https:\/\/eldiariodesanpedro.com.ar\/sitio\/wp-json\/wp\/v2\/categories?post=17955"},{"taxonomy":"post_tag","embeddable":true,"href":"https:\/\/eldiariodesanpedro.com.ar\/sitio\/wp-json\/wp\/v2\/tags?post=17955"}],"curies":[{"name":"wp","href":"https:\/\/api.w.org\/{rel}","templated":true}]}}