{"id":17937,"date":"2017-04-27T19:06:45","date_gmt":"2017-04-27T22:06:45","guid":{"rendered":"https:\/\/eldiariodesanpedro.com.ar\/sitio\/?p=17937"},"modified":"2017-04-27T19:06:45","modified_gmt":"2017-04-27T22:06:45","slug":"ramallo-se-firmo-el-convenio-con-la-universidad-de-hurlingham","status":"publish","type":"post","link":"https:\/\/eldiariodesanpedro.com.ar\/sitio\/ramallo-se-firmo-el-convenio-con-la-universidad-de-hurlingham\/","title":{"rendered":"RAMALLO: Se firm\u00f3 el convenio con la Universidad de Hurlingham"},"content":{"rendered":"<p><!-- VideographyWP Plugin Message: Automatic video embedding prevented by plugin options. --><br \/>\nEn el Centro de Comercio e Industria, el gobierno local formaliz\u00f3 el acuerdo con la casa de estudios del gran Buenos Aires, que va a permitir cursar la Licenciatura en Gesti\u00f3n Ambiental en Ramallo. Adem\u00e1s, se realiz\u00f3 una charla informativa dedicada principalmente a los alumnos que se inscribieron en la carrera.<\/p>\n<p>Con la presencia del intendente Poletti, la subsecretaria de Educaci\u00f3n Laura Castro y autoridades de la Universidad de Hurlingham, se procedi\u00f3 a la firma del convenio, para despu\u00e9s dar paso a una charla informativa realizada por profesionales de la misma universidad sobre Gesti\u00f3n Ambiental.<\/p>\n<p>\u201cEl municipio va a garantizar que cada uno de ustedes tenga acceso libre y gratuito\u201d,  dijo Poletti en su intervenci\u00f3n, y se refiri\u00f3 al sue\u00f1o de poder crear un espacio donde se puedan ofrecer otras carreras. \u201cOjala podamos cumplir con nuestro anhelo de crear un Polo Universitario, generar la infraestructura para firmar convenios con otras universidades para tener distintas carreras universitarias\u201d. Despu\u00e9s habl\u00f3 de los objetivos que se persiguen con estos convenios. \u201cEl primer objetivo es evitar el desarraigo; el segundo, garantizar el derecho a la universidad p\u00fablica  y gratuita; y el tercero, tiene que ver con el desarrollo y las caracter\u00edsticas del partido de Ramallo\u201d. Poletti record\u00f3 que existe un convenio firmado con la UCEL, otro pr\u00f3ximo a firmarse con la Universidad de Lomas de Zamora y que la semana pr\u00f3xima se reunir\u00e1 con los directivos de la Universidad de La Matanza. (http:\/\/www.metafm.com.ar)<\/p>\n","protected":false},"excerpt":{"rendered":"<p>En el Centro de Comercio e Industria, el gobierno local formaliz\u00f3 el acuerdo con la casa de estudios del gran Buenos Aires, que va a permitir cursar la Licenciatura en Gesti\u00f3n Ambiental en Ramallo. Adem\u00e1s, se realiz\u00f3 una charla informativa dedicada principalmente a los alumnos que se inscribieron en la carrera. Con la presencia del [&hellip;]<\/p>\n","protected":false},"author":4,"featured_media":17938,"comment_status":"open","ping_status":"closed","sticky":false,"template":"","format":"standard","meta":{"om_disable_all_campaigns":false,"_jetpack_memberships_contains_paid_content":false,"footnotes":""},"categories":[621],"tags":[],"class_list":["post-17937","post","type-post","status-publish","format-standard","has-post-thumbnail","hentry","category-regionales"],"aioseo_notices":[],"gutentor_comment":0,"jetpack_featured_media_url":"https:\/\/eldiariodesanpedro.com.ar\/sitio\/wp-content\/uploads\/2017\/04\/Se-firm\u00f3-el-convenio-con-la-Universidad-de-Hurlingham.jpg","jetpack_shortlink":"https:\/\/wp.me\/p6RhLt-4Fj","jetpack_sharing_enabled":true,"_links":{"self":[{"href":"https:\/\/eldiariodesanpedro.com.ar\/sitio\/wp-json\/wp\/v2\/posts\/17937","targetHints":{"allow":["GET"]}}],"collection":[{"href":"https:\/\/eldiariodesanpedro.com.ar\/sitio\/wp-json\/wp\/v2\/posts"}],"about":[{"href":"https:\/\/eldiariodesanpedro.com.ar\/sitio\/wp-json\/wp\/v2\/types\/post"}],"author":[{"embeddable":true,"href":"https:\/\/eldiariodesanpedro.com.ar\/sitio\/wp-json\/wp\/v2\/users\/4"}],"replies":[{"embeddable":true,"href":"https:\/\/eldiariodesanpedro.com.ar\/sitio\/wp-json\/wp\/v2\/comments?post=17937"}],"version-history":[{"count":1,"href":"https:\/\/eldiariodesanpedro.com.ar\/sitio\/wp-json\/wp\/v2\/posts\/17937\/revisions"}],"predecessor-version":[{"id":17939,"href":"https:\/\/eldiariodesanpedro.com.ar\/sitio\/wp-json\/wp\/v2\/posts\/17937\/revisions\/17939"}],"wp:featuredmedia":[{"embeddable":true,"href":"https:\/\/eldiariodesanpedro.com.ar\/sitio\/wp-json\/wp\/v2\/media\/17938"}],"wp:attachment":[{"href":"https:\/\/eldiariodesanpedro.com.ar\/sitio\/wp-json\/wp\/v2\/media?parent=17937"}],"wp:term":[{"taxonomy":"category","embeddable":true,"href":"https:\/\/eldiariodesanpedro.com.ar\/sitio\/wp-json\/wp\/v2\/categories?post=17937"},{"taxonomy":"post_tag","embeddable":true,"href":"https:\/\/eldiariodesanpedro.com.ar\/sitio\/wp-json\/wp\/v2\/tags?post=17937"}],"curies":[{"name":"wp","href":"https:\/\/api.w.org\/{rel}","templated":true}]}}