{"id":17934,"date":"2017-04-27T19:01:28","date_gmt":"2017-04-27T22:01:28","guid":{"rendered":"https:\/\/eldiariodesanpedro.com.ar\/sitio\/?p=17934"},"modified":"2017-04-27T19:01:28","modified_gmt":"2017-04-27T22:01:28","slug":"en-el-rio-buscan-a-un-hombre-de-79-anos-desaparecido-en-arrecifes","status":"publish","type":"post","link":"https:\/\/eldiariodesanpedro.com.ar\/sitio\/en-el-rio-buscan-a-un-hombre-de-79-anos-desaparecido-en-arrecifes\/","title":{"rendered":"EN EL R\u00cdO: Buscan a un hombre de 79 a\u00f1os, desaparecido en Arrecifes"},"content":{"rendered":"<p><!-- VideographyWP Plugin Message: Automatic video embedding prevented by plugin options. --><br \/>\nBomberos Voluntarios de Arrecifes contin\u00faan con la b\u00fasqueda del Miguel Ramon Dunne, de 79 a\u00f1os de edad, quien fuera reportado como extraviado el pasado 20 de Abril.<\/p>\n<p>Desde el lunes recorren el cauce del r\u00edo Arrecifes acompa\u00f1ados por Marcos Casella conocedor del ri\u00f3, y miembro de ANAR (Asociaci\u00f3n N\u00e1utica Amigos del R\u00edo), sin resultado alguno. Seg\u00fan informan en su p\u00e1gina de Facebook continuar\u00e1n el rastrillaje hasta que se indique lo contrario desde la justicia. En el d\u00eda de ayer el resultado de la b\u00fasqueda fue negativo.<\/p>\n<p>A esta labor se sumaron desde Bomberos Voluntarios de San Antonio de Areco los perros entrenados para este tipo de ocasiones.<\/p>\n<p>Se agradece a la poblaci\u00f3n que ante cualquier informaci\u00f3n dirigirse a la comisaria sita en Saavedra 226 o a la Sub-DDI. Arrecifes sita en ruta 8 y 51 o bien comunicarse a los abonados 101- 452521-452559-451400. (Arrecifes Hoy)<\/p>\n","protected":false},"excerpt":{"rendered":"<p>Bomberos Voluntarios de Arrecifes contin\u00faan con la b\u00fasqueda del Miguel Ramon Dunne, de 79 a\u00f1os de edad, quien fuera reportado como extraviado el pasado 20 de Abril. Desde el lunes recorren el cauce del r\u00edo Arrecifes acompa\u00f1ados por Marcos Casella conocedor del ri\u00f3, y miembro de ANAR (Asociaci\u00f3n N\u00e1utica Amigos del R\u00edo), sin resultado alguno. [&hellip;]<\/p>\n","protected":false},"author":4,"featured_media":17935,"comment_status":"open","ping_status":"closed","sticky":false,"template":"","format":"standard","meta":{"om_disable_all_campaigns":false,"_jetpack_memberships_contains_paid_content":false,"footnotes":""},"categories":[621],"tags":[],"class_list":["post-17934","post","type-post","status-publish","format-standard","has-post-thumbnail","hentry","category-regionales"],"aioseo_notices":[],"gutentor_comment":0,"jetpack_featured_media_url":"https:\/\/eldiariodesanpedro.com.ar\/sitio\/wp-content\/uploads\/2017\/04\/rio-arrecifes.jpg","jetpack_shortlink":"https:\/\/wp.me\/p6RhLt-4Fg","jetpack_sharing_enabled":true,"_links":{"self":[{"href":"https:\/\/eldiariodesanpedro.com.ar\/sitio\/wp-json\/wp\/v2\/posts\/17934","targetHints":{"allow":["GET"]}}],"collection":[{"href":"https:\/\/eldiariodesanpedro.com.ar\/sitio\/wp-json\/wp\/v2\/posts"}],"about":[{"href":"https:\/\/eldiariodesanpedro.com.ar\/sitio\/wp-json\/wp\/v2\/types\/post"}],"author":[{"embeddable":true,"href":"https:\/\/eldiariodesanpedro.com.ar\/sitio\/wp-json\/wp\/v2\/users\/4"}],"replies":[{"embeddable":true,"href":"https:\/\/eldiariodesanpedro.com.ar\/sitio\/wp-json\/wp\/v2\/comments?post=17934"}],"version-history":[{"count":1,"href":"https:\/\/eldiariodesanpedro.com.ar\/sitio\/wp-json\/wp\/v2\/posts\/17934\/revisions"}],"predecessor-version":[{"id":17936,"href":"https:\/\/eldiariodesanpedro.com.ar\/sitio\/wp-json\/wp\/v2\/posts\/17934\/revisions\/17936"}],"wp:featuredmedia":[{"embeddable":true,"href":"https:\/\/eldiariodesanpedro.com.ar\/sitio\/wp-json\/wp\/v2\/media\/17935"}],"wp:attachment":[{"href":"https:\/\/eldiariodesanpedro.com.ar\/sitio\/wp-json\/wp\/v2\/media?parent=17934"}],"wp:term":[{"taxonomy":"category","embeddable":true,"href":"https:\/\/eldiariodesanpedro.com.ar\/sitio\/wp-json\/wp\/v2\/categories?post=17934"},{"taxonomy":"post_tag","embeddable":true,"href":"https:\/\/eldiariodesanpedro.com.ar\/sitio\/wp-json\/wp\/v2\/tags?post=17934"}],"curies":[{"name":"wp","href":"https:\/\/api.w.org\/{rel}","templated":true}]}}