{"id":17926,"date":"2017-04-27T18:43:29","date_gmt":"2017-04-27T21:43:29","guid":{"rendered":"https:\/\/eldiariodesanpedro.com.ar\/sitio\/?p=17926"},"modified":"2017-04-27T18:43:29","modified_gmt":"2017-04-27T21:43:29","slug":"la-anses-responde-a-traves-de-facebook-3","status":"publish","type":"post","link":"https:\/\/eldiariodesanpedro.com.ar\/sitio\/la-anses-responde-a-traves-de-facebook-3\/","title":{"rendered":"La ANSES responde a trav\u00e9s de Facebook"},"content":{"rendered":"<p><!-- VideographyWP Plugin Message: Automatic video embedding prevented by plugin options. --><br \/>\nEl sitio https:\/\/consultas.anses.gob.ar brinda respuestas de diversos tr\u00e1mites a los ciudadanos con solo ingresar sus datos personales y seleccionar la prestaci\u00f3n deseada. <\/p>\n<p>Es importante destacar que la mayor\u00eda de las dudas generales son respondidas en el momento. <\/p>\n<p>En el caso de que la pregunta se trate de alg\u00fan tema en particular o personal, un operador de la ANSES se comunicar\u00e1 con el titular para informarlo de su situaci\u00f3n o estado del tr\u00e1mite en cuesti\u00f3n.<\/p>\n","protected":false},"excerpt":{"rendered":"<p>El sitio https:\/\/consultas.anses.gob.ar brinda respuestas de diversos tr\u00e1mites a los ciudadanos con solo ingresar sus datos personales y seleccionar la prestaci\u00f3n deseada. Es importante destacar que la mayor\u00eda de las dudas generales son respondidas en el momento. En el caso de que la pregunta se trate de alg\u00fan tema en particular o personal, un operador [&hellip;]<\/p>\n","protected":false},"author":4,"featured_media":3392,"comment_status":"open","ping_status":"closed","sticky":false,"template":"","format":"standard","meta":{"om_disable_all_campaigns":false,"_jetpack_memberships_contains_paid_content":false,"footnotes":""},"categories":[101,2],"tags":[],"class_list":["post-17926","post","type-post","status-publish","format-standard","has-post-thumbnail","hentry","category-interes-general-locales","category-locales"],"aioseo_notices":[],"gutentor_comment":0,"jetpack_featured_media_url":"https:\/\/eldiariodesanpedro.com.ar\/sitio\/wp-content\/uploads\/2016\/04\/MAT7-ANSES2.jpg","jetpack_shortlink":"https:\/\/wp.me\/p6RhLt-4F8","jetpack_sharing_enabled":true,"_links":{"self":[{"href":"https:\/\/eldiariodesanpedro.com.ar\/sitio\/wp-json\/wp\/v2\/posts\/17926","targetHints":{"allow":["GET"]}}],"collection":[{"href":"https:\/\/eldiariodesanpedro.com.ar\/sitio\/wp-json\/wp\/v2\/posts"}],"about":[{"href":"https:\/\/eldiariodesanpedro.com.ar\/sitio\/wp-json\/wp\/v2\/types\/post"}],"author":[{"embeddable":true,"href":"https:\/\/eldiariodesanpedro.com.ar\/sitio\/wp-json\/wp\/v2\/users\/4"}],"replies":[{"embeddable":true,"href":"https:\/\/eldiariodesanpedro.com.ar\/sitio\/wp-json\/wp\/v2\/comments?post=17926"}],"version-history":[{"count":1,"href":"https:\/\/eldiariodesanpedro.com.ar\/sitio\/wp-json\/wp\/v2\/posts\/17926\/revisions"}],"predecessor-version":[{"id":17929,"href":"https:\/\/eldiariodesanpedro.com.ar\/sitio\/wp-json\/wp\/v2\/posts\/17926\/revisions\/17929"}],"wp:featuredmedia":[{"embeddable":true,"href":"https:\/\/eldiariodesanpedro.com.ar\/sitio\/wp-json\/wp\/v2\/media\/3392"}],"wp:attachment":[{"href":"https:\/\/eldiariodesanpedro.com.ar\/sitio\/wp-json\/wp\/v2\/media?parent=17926"}],"wp:term":[{"taxonomy":"category","embeddable":true,"href":"https:\/\/eldiariodesanpedro.com.ar\/sitio\/wp-json\/wp\/v2\/categories?post=17926"},{"taxonomy":"post_tag","embeddable":true,"href":"https:\/\/eldiariodesanpedro.com.ar\/sitio\/wp-json\/wp\/v2\/tags?post=17926"}],"curies":[{"name":"wp","href":"https:\/\/api.w.org\/{rel}","templated":true}]}}