{"id":17924,"date":"2017-04-27T18:42:52","date_gmt":"2017-04-27T21:42:52","guid":{"rendered":"https:\/\/eldiariodesanpedro.com.ar\/sitio\/?p=17924"},"modified":"2017-04-27T18:42:52","modified_gmt":"2017-04-27T21:42:52","slug":"campana-chau-lombriz","status":"publish","type":"post","link":"https:\/\/eldiariodesanpedro.com.ar\/sitio\/campana-chau-lombriz\/","title":{"rendered":"Campa\u00f1a \u00a1Chau, Lombriz!"},"content":{"rendered":"<p><!-- VideographyWP Plugin Message: Automatic video embedding prevented by plugin options. --><br \/>\nEste viernes 28 de abril, de 14.00 a 18.00, en el Centro de Salud de Las Canaletas la Secretar\u00eda de Salud cumplir\u00e1 con la campa\u00f1a de desparasitaci\u00f3n de ni\u00f1os y adultos.<\/p>\n<p>Asistir\u00e1 un equipo formado por pediatras, nutricionistas, trabajadoras sociales y enfermeras.<\/p>\n<p>Aprovechar\u00e1n la jornada para culminar con las actividades por la Semana de Las Am\u00e9ricas controlado libreta sanitaria y completando el calendario de vacunaci\u00f3n.<\/p>\n","protected":false},"excerpt":{"rendered":"<p>Este viernes 28 de abril, de 14.00 a 18.00, en el Centro de Salud de Las Canaletas la Secretar\u00eda de Salud cumplir\u00e1 con la campa\u00f1a de desparasitaci\u00f3n de ni\u00f1os y adultos. Asistir\u00e1 un equipo formado por pediatras, nutricionistas, trabajadoras sociales y enfermeras. Aprovechar\u00e1n la jornada para culminar con las actividades por la Semana de Las [&hellip;]<\/p>\n","protected":false},"author":4,"featured_media":17927,"comment_status":"open","ping_status":"closed","sticky":false,"template":"","format":"standard","meta":{"om_disable_all_campaigns":false,"_jetpack_memberships_contains_paid_content":false,"footnotes":""},"categories":[101,2],"tags":[],"class_list":["post-17924","post","type-post","status-publish","format-standard","has-post-thumbnail","hentry","category-interes-general-locales","category-locales"],"aioseo_notices":[],"gutentor_comment":0,"jetpack_featured_media_url":"https:\/\/eldiariodesanpedro.com.ar\/sitio\/wp-content\/uploads\/2017\/04\/pastilla-ni\u00f1o.jpg","jetpack_shortlink":"https:\/\/wp.me\/p6RhLt-4F6","jetpack_sharing_enabled":true,"_links":{"self":[{"href":"https:\/\/eldiariodesanpedro.com.ar\/sitio\/wp-json\/wp\/v2\/posts\/17924","targetHints":{"allow":["GET"]}}],"collection":[{"href":"https:\/\/eldiariodesanpedro.com.ar\/sitio\/wp-json\/wp\/v2\/posts"}],"about":[{"href":"https:\/\/eldiariodesanpedro.com.ar\/sitio\/wp-json\/wp\/v2\/types\/post"}],"author":[{"embeddable":true,"href":"https:\/\/eldiariodesanpedro.com.ar\/sitio\/wp-json\/wp\/v2\/users\/4"}],"replies":[{"embeddable":true,"href":"https:\/\/eldiariodesanpedro.com.ar\/sitio\/wp-json\/wp\/v2\/comments?post=17924"}],"version-history":[{"count":1,"href":"https:\/\/eldiariodesanpedro.com.ar\/sitio\/wp-json\/wp\/v2\/posts\/17924\/revisions"}],"predecessor-version":[{"id":17928,"href":"https:\/\/eldiariodesanpedro.com.ar\/sitio\/wp-json\/wp\/v2\/posts\/17924\/revisions\/17928"}],"wp:featuredmedia":[{"embeddable":true,"href":"https:\/\/eldiariodesanpedro.com.ar\/sitio\/wp-json\/wp\/v2\/media\/17927"}],"wp:attachment":[{"href":"https:\/\/eldiariodesanpedro.com.ar\/sitio\/wp-json\/wp\/v2\/media?parent=17924"}],"wp:term":[{"taxonomy":"category","embeddable":true,"href":"https:\/\/eldiariodesanpedro.com.ar\/sitio\/wp-json\/wp\/v2\/categories?post=17924"},{"taxonomy":"post_tag","embeddable":true,"href":"https:\/\/eldiariodesanpedro.com.ar\/sitio\/wp-json\/wp\/v2\/tags?post=17924"}],"curies":[{"name":"wp","href":"https:\/\/api.w.org\/{rel}","templated":true}]}}