{"id":17920,"date":"2017-04-27T18:39:58","date_gmt":"2017-04-27T21:39:58","guid":{"rendered":"https:\/\/eldiariodesanpedro.com.ar\/sitio\/?p=17920"},"modified":"2017-04-27T18:54:27","modified_gmt":"2017-04-27T21:54:27","slug":"arribo-la-draga-a-san-pedro-y-comenzo-a-realizar-las-obras-en-el-canal-de-ingreso-al-puerto","status":"publish","type":"post","link":"https:\/\/eldiariodesanpedro.com.ar\/sitio\/arribo-la-draga-a-san-pedro-y-comenzo-a-realizar-las-obras-en-el-canal-de-ingreso-al-puerto\/","title":{"rendered":"Arrib\u00f3 la draga a San Pedro y comenz\u00f3 a realizar las obras en el canal de ingreso al puerto"},"content":{"rendered":"<p><!-- VideographyWP Plugin Message: Automatic video embedding prevented by plugin options. --><br \/>\nDe manera oficial se anunci\u00f3 en la jornada de hoy el inicio de la operatoria de la draga en el puerto de nuestra ciudad, tras la firma el pasado martes firm\u00f3 en el Consorcio de Gesti\u00f3n del Puerto de San Pedro, del acta de inicio de la obra. Para tal fin lleg\u00f3 a la ciudad el Presidente de Compa\u00f1\u00eda Sudamericana de Dragados S.A. Koen Robjins.<\/p>\n<p>\u201cEs un d\u00eda muy especial y un d\u00eda de agradecimientos\u201d sostuvo el Ing. Horacio Frangi, presidente del Consorcio de Gesti\u00f3n. Y agreg\u00f3: \u201cMucha gente que me ha acompa\u00f1ado, este trabajo no se hace solo\u201d y exalt\u00f3 la figura de las autoridades provinciales y del Intendente que ayudaron a que se concrete la iniciativa.<\/p>\n<p>Agreg\u00f3 tambi\u00e9n la importancia de que las empresas, \u201cvan a colaborar con el financiamiento del dragado\u201d, sostuvo.<\/p>\n<p>Al tiempo que se\u00f1al\u00f3: \u201cLa gran alegr\u00eda es que es que gracias a este dragado unas 250 familias del puerto van a poder tener su trabajo y esto no es poco para un pa\u00eds que tiene 30% de desocupaci\u00f3n\u201d.<\/p>\n<p>Por su parte Salazar record\u00f3 la gestiones con la gobernadora. \u201cLe lleve la carpeta le dije que no nos vemos m\u00e1s importantes para nosotros Porque significaba 200 y pico de puesto de trabajo que corr\u00edan peligro y ella r\u00e1pidamente presencia de Alex Campbell entreg\u00f3 la carpeta y le dijo enc\u00e1rgate de esto que salga r\u00e1pido y a los 15 d\u00edas nos anunci\u00f3 Joaqu\u00edn de la Torre que estaba el subsidio otorgado\u201d.<\/p>\n<p>\u201cQuiero felicitarlos a ellos a todo tu equipo Michi (Frangi) porque en el a\u00f1o 2015 se conoci\u00f3 puerta termin\u00f3 con un d\u00e9ficit de m\u00e1s de $5.000.000 y en el 2016 terminamos con un super\u00e1vit de $6.000.000 y pagando un mont\u00f3n de deudas que antes no se cumpl\u00edan y que hoy se est\u00e1n borrando esas deudas que nos dejaron\u201d. \u201cCreo que es una administraci\u00f3n transparente Clara y con mucho esfuerzo\u201d, dijo luego el Jefe Comunal.<\/p>\n<p>Por su parte el Lic. M\u00e1ximo Pisa de la Subsecretar\u00eda de puertos del Ministerio de la Producci\u00f3n sostuvo que \u201chay una satisfacci\u00f3n de la subsecretar\u00eda por el buen rendimiento que hab\u00eda tenido el puerto de San Pedro\u201d. Y que se \u201chab\u00edan duplicado el a\u00f1o pasado las exportaciones que salieron desde el puerto\u201d.<\/p>\n<p>\u201cComienzan hoy entendemos quedan previsibilidad puerto Y seguramente van a acompa\u00f1ar la reactivaci\u00f3n que est\u00e1 teniendo el interior de nuestro pa\u00eds y es una puerta de salida hacia la integraci\u00f3n que propone el gobierno nacional hacia el mundo\u201d, opin\u00f3.<\/p>\n<p>Por su parte Mart\u00edn Lara en representaci\u00f3n de los empresarios que trabajan en el puerto local, asever\u00f3: \u201cCreo que lo que cambiamos es una visi\u00f3n estrat\u00e9gica a largo plazo es una visi\u00f3n a futuro\u201d.<\/p>\n<div class=\"fb-video\" data-allowfullscreen=\"true\" data-href=\"https:\/\/www.facebook.com\/eldiario.desanpedro\/videos\/607459839463159\/\" style=\"background-color: #fff; display: inline-block;\"><\/div>\n","protected":false},"excerpt":{"rendered":"<p>De manera oficial se anunci\u00f3 en la jornada de hoy el inicio de la operatoria de la draga en el puerto de nuestra ciudad, tras la firma el pasado martes firm\u00f3 en el Consorcio de Gesti\u00f3n del Puerto de San Pedro, del acta de inicio de la obra. Para tal fin lleg\u00f3 a la ciudad [&hellip;]<\/p>\n","protected":false},"author":4,"featured_media":17923,"comment_status":"open","ping_status":"closed","sticky":false,"template":"","format":"standard","meta":{"om_disable_all_campaigns":false,"_jetpack_memberships_contains_paid_content":false,"footnotes":""},"categories":[50,101,2],"tags":[],"class_list":["post-17920","post","type-post","status-publish","format-standard","has-post-thumbnail","hentry","category-destacadas","category-interes-general-locales","category-locales"],"aioseo_notices":[],"gutentor_comment":0,"jetpack_featured_media_url":"https:\/\/eldiariodesanpedro.com.ar\/sitio\/wp-content\/uploads\/2017\/04\/draga-en-san-pedro.jpg","jetpack_shortlink":"https:\/\/wp.me\/p6RhLt-4F2","jetpack_sharing_enabled":true,"_links":{"self":[{"href":"https:\/\/eldiariodesanpedro.com.ar\/sitio\/wp-json\/wp\/v2\/posts\/17920","targetHints":{"allow":["GET"]}}],"collection":[{"href":"https:\/\/eldiariodesanpedro.com.ar\/sitio\/wp-json\/wp\/v2\/posts"}],"about":[{"href":"https:\/\/eldiariodesanpedro.com.ar\/sitio\/wp-json\/wp\/v2\/types\/post"}],"author":[{"embeddable":true,"href":"https:\/\/eldiariodesanpedro.com.ar\/sitio\/wp-json\/wp\/v2\/users\/4"}],"replies":[{"embeddable":true,"href":"https:\/\/eldiariodesanpedro.com.ar\/sitio\/wp-json\/wp\/v2\/comments?post=17920"}],"version-history":[{"count":2,"href":"https:\/\/eldiariodesanpedro.com.ar\/sitio\/wp-json\/wp\/v2\/posts\/17920\/revisions"}],"predecessor-version":[{"id":17931,"href":"https:\/\/eldiariodesanpedro.com.ar\/sitio\/wp-json\/wp\/v2\/posts\/17920\/revisions\/17931"}],"wp:featuredmedia":[{"embeddable":true,"href":"https:\/\/eldiariodesanpedro.com.ar\/sitio\/wp-json\/wp\/v2\/media\/17923"}],"wp:attachment":[{"href":"https:\/\/eldiariodesanpedro.com.ar\/sitio\/wp-json\/wp\/v2\/media?parent=17920"}],"wp:term":[{"taxonomy":"category","embeddable":true,"href":"https:\/\/eldiariodesanpedro.com.ar\/sitio\/wp-json\/wp\/v2\/categories?post=17920"},{"taxonomy":"post_tag","embeddable":true,"href":"https:\/\/eldiariodesanpedro.com.ar\/sitio\/wp-json\/wp\/v2\/tags?post=17920"}],"curies":[{"name":"wp","href":"https:\/\/api.w.org\/{rel}","templated":true}]}}