{"id":17917,"date":"2017-04-27T18:32:12","date_gmt":"2017-04-27T21:32:12","guid":{"rendered":"https:\/\/eldiariodesanpedro.com.ar\/sitio\/?p=17917"},"modified":"2017-04-27T18:32:12","modified_gmt":"2017-04-27T21:32:12","slug":"un-joven-motociclista-en-coma-tras-protagonizar-un-accidente-en-su-moto","status":"publish","type":"post","link":"https:\/\/eldiariodesanpedro.com.ar\/sitio\/un-joven-motociclista-en-coma-tras-protagonizar-un-accidente-en-su-moto\/","title":{"rendered":"Un joven motociclista en coma tras protagonizar un accidente en su moto"},"content":{"rendered":"<p><!-- VideographyWP Plugin Message: Automatic video embedding prevented by plugin options. --><br \/>\nEl grave incidente de tr\u00e1nsito ocurri\u00f3 en la noche del mi\u00e9rcoles, cerca de las 22 hs. en la intersecci\u00f3n de las calles Mart\u00edn Fierro y Ansaloni.<\/p>\n<p>Por causas que se tratan de establecer, dos motos, una  marca Mondial de 70 CC y otros  tipo 110 CC, colisionaron de frontalmente.<\/p>\n<p>Como consecuencia de ello, dos personas que se dirig\u00edan en uno de los rodados y otra que lo hac\u00eda en el restantes, debieron ser derivadas a la Guardia del Hospital con lesiones de diversas consideraciones.<\/p>\n<p>Un joven de 17 a\u00f1os, que conduc\u00eda uno de los veh\u00edculos sufri\u00f3 un importante traumatismo facial y otro enc\u00e9falocraneal. Se encuentra en Terapia Intensiva, en coma y con asistencia respiratoria.<\/p>\n<p>Su acompa\u00f1ante, una menor de 16 tiene policontusiones y contin\u00faa en observaci\u00f3n.<\/p>\n<p>En tanto que, quien iba a bordo de el otro ciclomotor, un hombre de unos 29 a\u00f1os de edad debi\u00f3 ser atendido por un traumatismo facial, se espera que se le de el alta en las pr\u00f3ximas horas.<\/p>\n","protected":false},"excerpt":{"rendered":"<p>El grave incidente de tr\u00e1nsito ocurri\u00f3 en la noche del mi\u00e9rcoles, cerca de las 22 hs. en la intersecci\u00f3n de las calles Mart\u00edn Fierro y Ansaloni. Por causas que se tratan de establecer, dos motos, una marca Mondial de 70 CC y otros tipo 110 CC, colisionaron de frontalmente. Como consecuencia de ello, dos personas [&hellip;]<\/p>\n","protected":false},"author":4,"featured_media":2624,"comment_status":"open","ping_status":"closed","sticky":false,"template":"","format":"standard","meta":{"om_disable_all_campaigns":false,"_jetpack_memberships_contains_paid_content":false,"footnotes":""},"categories":[2,103],"tags":[],"class_list":["post-17917","post","type-post","status-publish","format-standard","has-post-thumbnail","hentry","category-locales","category-policiales-locales"],"aioseo_notices":[],"gutentor_comment":0,"jetpack_featured_media_url":"https:\/\/eldiariodesanpedro.com.ar\/sitio\/wp-content\/uploads\/2016\/04\/guardia.jpg","jetpack_shortlink":"https:\/\/wp.me\/p6RhLt-4EZ","jetpack_sharing_enabled":true,"_links":{"self":[{"href":"https:\/\/eldiariodesanpedro.com.ar\/sitio\/wp-json\/wp\/v2\/posts\/17917","targetHints":{"allow":["GET"]}}],"collection":[{"href":"https:\/\/eldiariodesanpedro.com.ar\/sitio\/wp-json\/wp\/v2\/posts"}],"about":[{"href":"https:\/\/eldiariodesanpedro.com.ar\/sitio\/wp-json\/wp\/v2\/types\/post"}],"author":[{"embeddable":true,"href":"https:\/\/eldiariodesanpedro.com.ar\/sitio\/wp-json\/wp\/v2\/users\/4"}],"replies":[{"embeddable":true,"href":"https:\/\/eldiariodesanpedro.com.ar\/sitio\/wp-json\/wp\/v2\/comments?post=17917"}],"version-history":[{"count":1,"href":"https:\/\/eldiariodesanpedro.com.ar\/sitio\/wp-json\/wp\/v2\/posts\/17917\/revisions"}],"predecessor-version":[{"id":17919,"href":"https:\/\/eldiariodesanpedro.com.ar\/sitio\/wp-json\/wp\/v2\/posts\/17917\/revisions\/17919"}],"wp:featuredmedia":[{"embeddable":true,"href":"https:\/\/eldiariodesanpedro.com.ar\/sitio\/wp-json\/wp\/v2\/media\/2624"}],"wp:attachment":[{"href":"https:\/\/eldiariodesanpedro.com.ar\/sitio\/wp-json\/wp\/v2\/media?parent=17917"}],"wp:term":[{"taxonomy":"category","embeddable":true,"href":"https:\/\/eldiariodesanpedro.com.ar\/sitio\/wp-json\/wp\/v2\/categories?post=17917"},{"taxonomy":"post_tag","embeddable":true,"href":"https:\/\/eldiariodesanpedro.com.ar\/sitio\/wp-json\/wp\/v2\/tags?post=17917"}],"curies":[{"name":"wp","href":"https:\/\/api.w.org\/{rel}","templated":true}]}}