{"id":17915,"date":"2017-04-27T09:02:46","date_gmt":"2017-04-27T12:02:46","guid":{"rendered":"https:\/\/eldiariodesanpedro.com.ar\/sitio\/?p=17915"},"modified":"2017-04-27T09:02:46","modified_gmt":"2017-04-27T12:02:46","slug":"detienen-a-un-sujeto-que-habia-violado-un-domicilio","status":"publish","type":"post","link":"https:\/\/eldiariodesanpedro.com.ar\/sitio\/detienen-a-un-sujeto-que-habia-violado-un-domicilio\/","title":{"rendered":"Detienen a un sujeto que hab\u00eda violado un domicilio"},"content":{"rendered":"<p><!-- VideographyWP Plugin Message: Automatic video embedding prevented by plugin options. --><br \/>\nEn la madrugada de hoy se present\u00f3 personal policia en Calle Combate de Obligado al 1700 donde un joven de 28 a\u00f1os de edad fue aprendido cuando sal\u00eda de un patio de un domicilio lindero y se ocult\u00f3 en una obra de construcci\u00f3n. <\/p>\n<p>Esta persona fue trasladada a la comisar\u00eda local donde se mantiene detenida hasta su audiencia en la fiscal.<\/p>\n","protected":false},"excerpt":{"rendered":"<p>En la madrugada de hoy se present\u00f3 personal policia en Calle Combate de Obligado al 1700 donde un joven de 28 a\u00f1os de edad fue aprendido cuando sal\u00eda de un patio de un domicilio lindero y se ocult\u00f3 en una obra de construcci\u00f3n. Esta persona fue trasladada a la comisar\u00eda local donde se mantiene detenida [&hellip;]<\/p>\n","protected":false},"author":4,"featured_media":17210,"comment_status":"open","ping_status":"closed","sticky":false,"template":"","format":"standard","meta":{"om_disable_all_campaigns":false,"_jetpack_memberships_contains_paid_content":false,"footnotes":""},"categories":[2,103],"tags":[],"class_list":["post-17915","post","type-post","status-publish","format-standard","has-post-thumbnail","hentry","category-locales","category-policiales-locales"],"aioseo_notices":[],"gutentor_comment":0,"jetpack_featured_media_url":"https:\/\/eldiariodesanpedro.com.ar\/sitio\/wp-content\/uploads\/2017\/04\/detenido.jpg","jetpack_shortlink":"https:\/\/wp.me\/p6RhLt-4EX","jetpack_sharing_enabled":true,"_links":{"self":[{"href":"https:\/\/eldiariodesanpedro.com.ar\/sitio\/wp-json\/wp\/v2\/posts\/17915","targetHints":{"allow":["GET"]}}],"collection":[{"href":"https:\/\/eldiariodesanpedro.com.ar\/sitio\/wp-json\/wp\/v2\/posts"}],"about":[{"href":"https:\/\/eldiariodesanpedro.com.ar\/sitio\/wp-json\/wp\/v2\/types\/post"}],"author":[{"embeddable":true,"href":"https:\/\/eldiariodesanpedro.com.ar\/sitio\/wp-json\/wp\/v2\/users\/4"}],"replies":[{"embeddable":true,"href":"https:\/\/eldiariodesanpedro.com.ar\/sitio\/wp-json\/wp\/v2\/comments?post=17915"}],"version-history":[{"count":1,"href":"https:\/\/eldiariodesanpedro.com.ar\/sitio\/wp-json\/wp\/v2\/posts\/17915\/revisions"}],"predecessor-version":[{"id":17916,"href":"https:\/\/eldiariodesanpedro.com.ar\/sitio\/wp-json\/wp\/v2\/posts\/17915\/revisions\/17916"}],"wp:featuredmedia":[{"embeddable":true,"href":"https:\/\/eldiariodesanpedro.com.ar\/sitio\/wp-json\/wp\/v2\/media\/17210"}],"wp:attachment":[{"href":"https:\/\/eldiariodesanpedro.com.ar\/sitio\/wp-json\/wp\/v2\/media?parent=17915"}],"wp:term":[{"taxonomy":"category","embeddable":true,"href":"https:\/\/eldiariodesanpedro.com.ar\/sitio\/wp-json\/wp\/v2\/categories?post=17915"},{"taxonomy":"post_tag","embeddable":true,"href":"https:\/\/eldiariodesanpedro.com.ar\/sitio\/wp-json\/wp\/v2\/tags?post=17915"}],"curies":[{"name":"wp","href":"https:\/\/api.w.org\/{rel}","templated":true}]}}