{"id":17912,"date":"2017-04-27T08:51:59","date_gmt":"2017-04-27T11:51:59","guid":{"rendered":"https:\/\/eldiariodesanpedro.com.ar\/sitio\/?p=17912"},"modified":"2017-04-27T08:51:59","modified_gmt":"2017-04-27T11:51:59","slug":"dos-ladrones-robaron-un-tv-led-40-de-un-domicilio","status":"publish","type":"post","link":"https:\/\/eldiariodesanpedro.com.ar\/sitio\/dos-ladrones-robaron-un-tv-led-40-de-un-domicilio\/","title":{"rendered":"Dos ladrones robaron un tv led 40&#8242; de un domicilio"},"content":{"rendered":"<p><!-- VideographyWP Plugin Message: Automatic video embedding prevented by plugin options. --><br \/>\nEn el d\u00eda de ayer se tom\u00f3 conocimiento a ra\u00edz de un llamado al 101 que se estaba llevando a cabo un robo en un domicilio de calle Uruguay al 2600 donde dos hombres a bordo de un autom\u00f3vil color blanco sustrajeron del domicilio un televisor Led 40 pulgadas. <\/p>\n<p>Tras un amplio operativo cerrojo en calle Uruguay y Goycoechea se procedi\u00f3 a la aprehensi\u00f3n de ambos sujetos mayores de edad. <\/p>\n<p>Se secuestro lo sustra\u00eddo y se pudo constatar que los dos individuos ten\u00edan pedido de Paradero activo desde 29 de mayo de 2015 por el delito hurto. <\/p>\n","protected":false},"excerpt":{"rendered":"<p>En el d\u00eda de ayer se tom\u00f3 conocimiento a ra\u00edz de un llamado al 101 que se estaba llevando a cabo un robo en un domicilio de calle Uruguay al 2600 donde dos hombres a bordo de un autom\u00f3vil color blanco sustrajeron del domicilio un televisor Led 40 pulgadas. Tras un amplio operativo cerrojo en [&hellip;]<\/p>\n","protected":false},"author":4,"featured_media":13373,"comment_status":"open","ping_status":"closed","sticky":false,"template":"","format":"standard","meta":{"om_disable_all_campaigns":false,"_jetpack_memberships_contains_paid_content":false,"footnotes":""},"categories":[2,103],"tags":[],"class_list":["post-17912","post","type-post","status-publish","format-standard","has-post-thumbnail","hentry","category-locales","category-policiales-locales"],"aioseo_notices":[],"gutentor_comment":0,"jetpack_featured_media_url":"https:\/\/eldiariodesanpedro.com.ar\/sitio\/wp-content\/uploads\/2017\/01\/patrulla-5-e1485286136348.jpg","jetpack_shortlink":"https:\/\/wp.me\/p6RhLt-4EU","jetpack_sharing_enabled":true,"_links":{"self":[{"href":"https:\/\/eldiariodesanpedro.com.ar\/sitio\/wp-json\/wp\/v2\/posts\/17912","targetHints":{"allow":["GET"]}}],"collection":[{"href":"https:\/\/eldiariodesanpedro.com.ar\/sitio\/wp-json\/wp\/v2\/posts"}],"about":[{"href":"https:\/\/eldiariodesanpedro.com.ar\/sitio\/wp-json\/wp\/v2\/types\/post"}],"author":[{"embeddable":true,"href":"https:\/\/eldiariodesanpedro.com.ar\/sitio\/wp-json\/wp\/v2\/users\/4"}],"replies":[{"embeddable":true,"href":"https:\/\/eldiariodesanpedro.com.ar\/sitio\/wp-json\/wp\/v2\/comments?post=17912"}],"version-history":[{"count":1,"href":"https:\/\/eldiariodesanpedro.com.ar\/sitio\/wp-json\/wp\/v2\/posts\/17912\/revisions"}],"predecessor-version":[{"id":17913,"href":"https:\/\/eldiariodesanpedro.com.ar\/sitio\/wp-json\/wp\/v2\/posts\/17912\/revisions\/17913"}],"wp:featuredmedia":[{"embeddable":true,"href":"https:\/\/eldiariodesanpedro.com.ar\/sitio\/wp-json\/wp\/v2\/media\/13373"}],"wp:attachment":[{"href":"https:\/\/eldiariodesanpedro.com.ar\/sitio\/wp-json\/wp\/v2\/media?parent=17912"}],"wp:term":[{"taxonomy":"category","embeddable":true,"href":"https:\/\/eldiariodesanpedro.com.ar\/sitio\/wp-json\/wp\/v2\/categories?post=17912"},{"taxonomy":"post_tag","embeddable":true,"href":"https:\/\/eldiariodesanpedro.com.ar\/sitio\/wp-json\/wp\/v2\/tags?post=17912"}],"curies":[{"name":"wp","href":"https:\/\/api.w.org\/{rel}","templated":true}]}}