{"id":17910,"date":"2017-04-27T08:31:36","date_gmt":"2017-04-27T11:31:36","guid":{"rendered":"https:\/\/eldiariodesanpedro.com.ar\/sitio\/?p=17910"},"modified":"2017-04-27T08:31:36","modified_gmt":"2017-04-27T11:31:36","slug":"motochorro-ataco-a-una-mujer-que-iba-en-bicicleta","status":"publish","type":"post","link":"https:\/\/eldiariodesanpedro.com.ar\/sitio\/motochorro-ataco-a-una-mujer-que-iba-en-bicicleta\/","title":{"rendered":"Motochorro atac\u00f3 a una mujer que iba en bicicleta"},"content":{"rendered":"<p><!-- VideographyWP Plugin Message: Automatic video embedding prevented by plugin options. --><br \/>\nEn la ma\u00f1ana de este mi\u00e9rcoles se recibi\u00f3 una denuncia en la comisar\u00eda local por parte de una mujer de 35 a\u00f1os de edad que cuenta que a las 8:40 hs. En calle Chivilcoy cuando se dirijo en su bicicleta es abordada por un sujeto que se dirig\u00eda en una motocicleta que en plena circulaci\u00f3n arrebata la cartera que se encontraba en el canasto de la misma. <\/p>\n<p>La mujer pierde el control de la bicicleta y golpea su rostro contra el pavimento provoc\u00e1ndole lesiones. <\/p>\n<p>En el bolso robado llevaba un celular, documentaci\u00f3n y dinero en efectivo. <\/p>\n","protected":false},"excerpt":{"rendered":"<p>En la ma\u00f1ana de este mi\u00e9rcoles se recibi\u00f3 una denuncia en la comisar\u00eda local por parte de una mujer de 35 a\u00f1os de edad que cuenta que a las 8:40 hs. En calle Chivilcoy cuando se dirijo en su bicicleta es abordada por un sujeto que se dirig\u00eda en una motocicleta que en plena circulaci\u00f3n [&hellip;]<\/p>\n","protected":false},"author":4,"featured_media":16982,"comment_status":"open","ping_status":"closed","sticky":false,"template":"","format":"standard","meta":{"om_disable_all_campaigns":false,"_jetpack_memberships_contains_paid_content":false,"footnotes":""},"categories":[2,103],"tags":[],"class_list":["post-17910","post","type-post","status-publish","format-standard","has-post-thumbnail","hentry","category-locales","category-policiales-locales"],"aioseo_notices":[],"gutentor_comment":0,"jetpack_featured_media_url":"https:\/\/eldiariodesanpedro.com.ar\/sitio\/wp-content\/uploads\/2017\/04\/DSC_0215-e1492514874414.jpg","jetpack_shortlink":"https:\/\/wp.me\/p6RhLt-4ES","jetpack_sharing_enabled":true,"_links":{"self":[{"href":"https:\/\/eldiariodesanpedro.com.ar\/sitio\/wp-json\/wp\/v2\/posts\/17910","targetHints":{"allow":["GET"]}}],"collection":[{"href":"https:\/\/eldiariodesanpedro.com.ar\/sitio\/wp-json\/wp\/v2\/posts"}],"about":[{"href":"https:\/\/eldiariodesanpedro.com.ar\/sitio\/wp-json\/wp\/v2\/types\/post"}],"author":[{"embeddable":true,"href":"https:\/\/eldiariodesanpedro.com.ar\/sitio\/wp-json\/wp\/v2\/users\/4"}],"replies":[{"embeddable":true,"href":"https:\/\/eldiariodesanpedro.com.ar\/sitio\/wp-json\/wp\/v2\/comments?post=17910"}],"version-history":[{"count":1,"href":"https:\/\/eldiariodesanpedro.com.ar\/sitio\/wp-json\/wp\/v2\/posts\/17910\/revisions"}],"predecessor-version":[{"id":17911,"href":"https:\/\/eldiariodesanpedro.com.ar\/sitio\/wp-json\/wp\/v2\/posts\/17910\/revisions\/17911"}],"wp:featuredmedia":[{"embeddable":true,"href":"https:\/\/eldiariodesanpedro.com.ar\/sitio\/wp-json\/wp\/v2\/media\/16982"}],"wp:attachment":[{"href":"https:\/\/eldiariodesanpedro.com.ar\/sitio\/wp-json\/wp\/v2\/media?parent=17910"}],"wp:term":[{"taxonomy":"category","embeddable":true,"href":"https:\/\/eldiariodesanpedro.com.ar\/sitio\/wp-json\/wp\/v2\/categories?post=17910"},{"taxonomy":"post_tag","embeddable":true,"href":"https:\/\/eldiariodesanpedro.com.ar\/sitio\/wp-json\/wp\/v2\/tags?post=17910"}],"curies":[{"name":"wp","href":"https:\/\/api.w.org\/{rel}","templated":true}]}}