{"id":17906,"date":"2017-04-26T20:57:12","date_gmt":"2017-04-26T23:57:12","guid":{"rendered":"https:\/\/eldiariodesanpedro.com.ar\/sitio\/?p=17906"},"modified":"2026-01-24T00:26:27","modified_gmt":"2026-01-24T03:26:27","slug":"futbol-para-ciegos-boca-de-silvio-velo-perdia-con-river-y-fue-suspendido-por-un-corte-de-luz","status":"publish","type":"post","link":"https:\/\/eldiariodesanpedro.com.ar\/sitio\/futbol-para-ciegos-boca-de-silvio-velo-perdia-con-river-y-fue-suspendido-por-un-corte-de-luz\/","title":{"rendered":"F\u00daTBOL PARA CIEGOS: Boca, de Silvio Velo, perd\u00eda con River y fue suspendido por un corte de luz"},"content":{"rendered":"<p><!-- VideographyWP Plugin Message: Automatic video embedding prevented by plugin options. --><br \/>\n  Se jugaban cinco minutos del segundo tiempo cuando la terna arbitral integrada por Mariano Travaglino, Germinal Lubrano y Mat\u00edas Oviedo decidi\u00f3 suspender el Supercl\u00e1sico, el partido que le puso fin a la primera Fecha de la Liga Nacional de F\u00fatbol 5 y que se disput\u00f3 en el CENARD. <\/p>\n<p>  Hasta ese momento, River le ganaba a Boca por 2 a 1 con un doblete del juvenil Jes\u00fas Merlos. Ricardo Villamayor hab\u00eda marcado el empate parcial para el Xeneize.<\/p>\n<p>  Todav\u00eda es muy prematuro determinar cu\u00e1ndo y d\u00f3nde se jugar\u00e1n los minutos que restan del duelo entre River y Boca, aunque, es muy factible se dispute en Ca\u00f1uelas.<\/p>\n<p>  Pero antes del Supercl\u00e1sico hubo mucha acci\u00f3n. En el partido inaugural de la Zona Sur, Boca y ATE igualaron 1-1. Silvio Velo abri\u00f3 la cuenta para el Xeneize y Claudio Seguel lo igual\u00f3 sobre el final. Luego, en su debut en el F\u00fatbol 5, Paradeportes Ca\u00f1uelas venci\u00f3 a Rom\u00e1n Rosell por 1-0 con un gol de Claudio Monz\u00f3n.<\/p>\n<p>  En el tercer partido de la Fecha, River aplast\u00f3 a Centro Basko por 6-0 con goles de Gonzalo Lapachi\u00e1n, Daniel Vega, Marcelo Paniza (2) y Jes\u00fas Merlos (2). Mientras que Estudiantes confirm\u00f3 su condici\u00f3n de candidato al derrotar a Hurac\u00e1n por 1 a 0 con un tanto de David Peralta. Luego, Rosell se recuper\u00f3 con un 1-0 sobre ATE con gol de Luis Rodr\u00edguez.<\/p>\n","protected":false},"excerpt":{"rendered":"<p>Se jugaban cinco minutos del segundo tiempo cuando la terna arbitral integrada por Mariano Travaglino, Germinal Lubrano y Mat\u00edas Oviedo decidi\u00f3 suspender el Supercl\u00e1sico, el partido que le puso fin a la primera Fecha de la Liga Nacional de F\u00fatbol 5 y que se disput\u00f3 en el CENARD. Hasta ese momento, River le ganaba a [&hellip;]<\/p>\n","protected":false},"author":4,"featured_media":17907,"comment_status":"open","ping_status":"closed","sticky":false,"template":"","format":"standard","meta":{"om_disable_all_campaigns":false,"_jetpack_memberships_contains_paid_content":false,"footnotes":""},"categories":[5],"tags":[],"class_list":["post-17906","post","type-post","status-publish","format-standard","has-post-thumbnail","hentry","category-deportes"],"aioseo_notices":[],"gutentor_comment":0,"jetpack_featured_media_url":"https:\/\/eldiariodesanpedro.com.ar\/sitio\/wp-content\/uploads\/2017\/04\/futbol-balon.jpg","jetpack_shortlink":"https:\/\/wp.me\/p6RhLt-4EO","jetpack_sharing_enabled":true,"_links":{"self":[{"href":"https:\/\/eldiariodesanpedro.com.ar\/sitio\/wp-json\/wp\/v2\/posts\/17906","targetHints":{"allow":["GET"]}}],"collection":[{"href":"https:\/\/eldiariodesanpedro.com.ar\/sitio\/wp-json\/wp\/v2\/posts"}],"about":[{"href":"https:\/\/eldiariodesanpedro.com.ar\/sitio\/wp-json\/wp\/v2\/types\/post"}],"author":[{"embeddable":true,"href":"https:\/\/eldiariodesanpedro.com.ar\/sitio\/wp-json\/wp\/v2\/users\/4"}],"replies":[{"embeddable":true,"href":"https:\/\/eldiariodesanpedro.com.ar\/sitio\/wp-json\/wp\/v2\/comments?post=17906"}],"version-history":[{"count":1,"href":"https:\/\/eldiariodesanpedro.com.ar\/sitio\/wp-json\/wp\/v2\/posts\/17906\/revisions"}],"predecessor-version":[{"id":17909,"href":"https:\/\/eldiariodesanpedro.com.ar\/sitio\/wp-json\/wp\/v2\/posts\/17906\/revisions\/17909"}],"wp:featuredmedia":[{"embeddable":true,"href":"https:\/\/eldiariodesanpedro.com.ar\/sitio\/wp-json\/wp\/v2\/media\/17907"}],"wp:attachment":[{"href":"https:\/\/eldiariodesanpedro.com.ar\/sitio\/wp-json\/wp\/v2\/media?parent=17906"}],"wp:term":[{"taxonomy":"category","embeddable":true,"href":"https:\/\/eldiariodesanpedro.com.ar\/sitio\/wp-json\/wp\/v2\/categories?post=17906"},{"taxonomy":"post_tag","embeddable":true,"href":"https:\/\/eldiariodesanpedro.com.ar\/sitio\/wp-json\/wp\/v2\/tags?post=17906"}],"curies":[{"name":"wp","href":"https:\/\/api.w.org\/{rel}","templated":true}]}}