{"id":17900,"date":"2017-04-26T20:23:32","date_gmt":"2017-04-26T23:23:32","guid":{"rendered":"https:\/\/eldiariodesanpedro.com.ar\/sitio\/?p=17900"},"modified":"2026-01-24T00:26:28","modified_gmt":"2026-01-24T03:26:28","slug":"juegos-ba-2017-hasta-el-domingo-la-inscripcion","status":"publish","type":"post","link":"https:\/\/eldiariodesanpedro.com.ar\/sitio\/juegos-ba-2017-hasta-el-domingo-la-inscripcion\/","title":{"rendered":"JUEGOS BA 2017:  Hasta el domingo la inscripci\u00f3n"},"content":{"rendered":"<p><!-- VideographyWP Plugin Message: Automatic video embedding prevented by plugin options. --><br \/>\n  La Subsecretar\u00eda de Deportes de la Provincia de Buenos Aires pospuso nuevamente el cierre de la inscripci\u00f3n a los Juegos Bonaerenses 2017. As\u00ed lo hizo conocer la organizaci\u00f3n a trav\u00e9s de su p\u00e1gina web. Aquellos interesados pueden conocer mayores detalles en Direcci\u00f3n de Deportes y Cultura hasta el pr\u00f3ximo viernes 28 de abril.<\/p>\n<p>  El mi\u00e9rcoles 26 viaj\u00f3 una delegaci\u00f3n representando al grupo de la tercera edad, a la quinta olimp\u00edada \u201cVirgen de Luj\u00e1n 2017\u201d en el Club N\u00e1utico El Tim\u00f3n de dicha localidad. Hoy, a las 14.30 hs. se llevar\u00e1 a cabo el lanzamiento oficial de los Juegos Bonaerenses 2017. El acto ser\u00e1 en la ciudad de La Plata.  <\/p>\n","protected":false},"excerpt":{"rendered":"<p>La Subsecretar\u00eda de Deportes de la Provincia de Buenos Aires pospuso nuevamente el cierre de la inscripci\u00f3n a los Juegos Bonaerenses 2017. As\u00ed lo hizo conocer la organizaci\u00f3n a trav\u00e9s de su p\u00e1gina web. Aquellos interesados pueden conocer mayores detalles en Direcci\u00f3n de Deportes y Cultura hasta el pr\u00f3ximo viernes 28 de abril. El mi\u00e9rcoles [&hellip;]<\/p>\n","protected":false},"author":4,"featured_media":17902,"comment_status":"open","ping_status":"closed","sticky":false,"template":"","format":"standard","meta":{"om_disable_all_campaigns":false,"_jetpack_memberships_contains_paid_content":false,"footnotes":""},"categories":[5],"tags":[],"class_list":["post-17900","post","type-post","status-publish","format-standard","has-post-thumbnail","hentry","category-deportes"],"aioseo_notices":[],"gutentor_comment":0,"jetpack_featured_media_url":"https:\/\/eldiariodesanpedro.com.ar\/sitio\/wp-content\/uploads\/2017\/04\/El-logo-en-la-web-oficial.jpg","jetpack_shortlink":"https:\/\/wp.me\/p6RhLt-4EI","jetpack_sharing_enabled":true,"_links":{"self":[{"href":"https:\/\/eldiariodesanpedro.com.ar\/sitio\/wp-json\/wp\/v2\/posts\/17900","targetHints":{"allow":["GET"]}}],"collection":[{"href":"https:\/\/eldiariodesanpedro.com.ar\/sitio\/wp-json\/wp\/v2\/posts"}],"about":[{"href":"https:\/\/eldiariodesanpedro.com.ar\/sitio\/wp-json\/wp\/v2\/types\/post"}],"author":[{"embeddable":true,"href":"https:\/\/eldiariodesanpedro.com.ar\/sitio\/wp-json\/wp\/v2\/users\/4"}],"replies":[{"embeddable":true,"href":"https:\/\/eldiariodesanpedro.com.ar\/sitio\/wp-json\/wp\/v2\/comments?post=17900"}],"version-history":[{"count":1,"href":"https:\/\/eldiariodesanpedro.com.ar\/sitio\/wp-json\/wp\/v2\/posts\/17900\/revisions"}],"predecessor-version":[{"id":17903,"href":"https:\/\/eldiariodesanpedro.com.ar\/sitio\/wp-json\/wp\/v2\/posts\/17900\/revisions\/17903"}],"wp:featuredmedia":[{"embeddable":true,"href":"https:\/\/eldiariodesanpedro.com.ar\/sitio\/wp-json\/wp\/v2\/media\/17902"}],"wp:attachment":[{"href":"https:\/\/eldiariodesanpedro.com.ar\/sitio\/wp-json\/wp\/v2\/media?parent=17900"}],"wp:term":[{"taxonomy":"category","embeddable":true,"href":"https:\/\/eldiariodesanpedro.com.ar\/sitio\/wp-json\/wp\/v2\/categories?post=17900"},{"taxonomy":"post_tag","embeddable":true,"href":"https:\/\/eldiariodesanpedro.com.ar\/sitio\/wp-json\/wp\/v2\/tags?post=17900"}],"curies":[{"name":"wp","href":"https:\/\/api.w.org\/{rel}","templated":true}]}}