{"id":17893,"date":"2017-04-26T20:05:58","date_gmt":"2017-04-26T23:05:58","guid":{"rendered":"https:\/\/eldiariodesanpedro.com.ar\/sitio\/?p=17893"},"modified":"2017-04-26T20:05:58","modified_gmt":"2017-04-26T23:05:58","slug":"el-ministerio-de-ciencia-de-la-provincia-premio-una-iniciativa-de-jose-luis-aguilar","status":"publish","type":"post","link":"https:\/\/eldiariodesanpedro.com.ar\/sitio\/el-ministerio-de-ciencia-de-la-provincia-premio-una-iniciativa-de-jose-luis-aguilar\/","title":{"rendered":"El Ministerio de Ciencia de la Provincia premi\u00f3 una iniciativa de Jos\u00e9 Luis Aguilar"},"content":{"rendered":"<p><!-- VideographyWP Plugin Message: Automatic video embedding prevented by plugin options. --><br \/>\nFue en el marco del \u201cConcurso de Ideas-Proyecto para la promoci\u00f3n de la cultura cient\u00edfica\u201d, entre 65 proyectos presentados desde distintos puntos de la provincia<br \/>\nDesde el a\u00f1o pasado, Jos\u00e9 Luis Aguilar, impulsor del Grupo Conservacionista de F\u00f3siles, comenz\u00f3 a diagramar un evento que permitiera acercar la paleontolog\u00eda, la geolog\u00eda y las ciencias naturales en general, a un p\u00fablico diverso, familiar y de todas las edades. Un p\u00fablico que, en definitiva, fuera el destinatario directo de los descubrimientos y conocimientos que generan los investigadores de diferentes ramas de la ciencia.<br \/>\nUna vez dise\u00f1ado el proyecto, envi\u00f3 la idea a competir en el \u201cConcurso de Ideas-Proyecto para la promoci\u00f3n de la cultura cient\u00edfica\u201d, impulsado desde el Ministerio de Ciencia, Tecnolog\u00eda e Innovaci\u00f3n de la Provincia que conduce el Ing. Jorge Elustondo.<br \/>\nEn febrero de este a\u00f1o, desde el Ministerio se le comunic\u00f3 que su iniciativa hab\u00eda sido evaluada por un jurado de expertos en ciencia y comunicaci\u00f3n y hab\u00eda obtenido el primer puesto en orden de m\u00e9rito en la Categor\u00eda Dise\u00f1o y Producci\u00f3n de Actividades.<br \/>\nEl pasado viernes 21, en la ciudad de Tres Arroyos, se realiz\u00f3 el acto de entrega de los subsidios a los ganadores de las tres categor\u00edas del concurso.<br \/>\nHasta all\u00ed viaj\u00f3 parte del equipo de San Pedro para recibir la distinci\u00f3n.<br \/>\nLa ceremonia fue presidida por el Intendente de Tres Arroyos, Carlos S\u00e1nchez; el Ministro de Ciencia provincial, Jorge Elustondo, el Subsecretario de Gesti\u00f3n y Difusi\u00f3n del Conocimiento, Mateo Niro y el titular de la Comisi\u00f3n de Investigaciones Cient\u00edficas de la Provincia, Pablo Romanazzi.<br \/>\nLos seleccionados en las tres categor\u00edas fueron:<\/p>\n<p>Categor\u00eda 1<br \/>\n1\u00ba-Museo Paleontol\u00f3gico de San Pedro<br \/>\n2\u00ba-Universidad Nacional de Mar del Plata-Facultad de Ciencias Exactas y Naturales<br \/>\n3\u00ba-Universidad del Noreste de la Pcia. de Bs As &#8211; Escuela de Tecnolog\u00eda<\/p>\n<p>Categor\u00eda 2<br \/>\n1\u00ba-Universidad Nacional de Moreno<br \/>\n2\u00ba-Universidad Nacional del Sur &#8211; Dpto. Humanidades<br \/>\n3\u00ba-Instituto de Hidrolog\u00eda de Llanuras (UNCPBA- CIC- Municipalidad de Azul)<\/p>\n<p>Categor\u00eda 3<br \/>\n1\u00ba-Universidad Nacional del Centro-Facultad de Ingenier\u00eda.<br \/>\n2\u00ba-Museo Regional de Necochea<br \/>\n3\u00ba-Museo de Ciencias-Municipalidad de Bah\u00eda Blanca<\/p>\n<p>El subsidio otorgado por el concurso del Ministerio de Ciencia permitir\u00e1 financiar parte de un novedoso evento que se realizar\u00e1 en el transcurso de este a\u00f1o y para el cual, desde el Museo, ya se encuentran trabajando en conjunto con Asociaci\u00f3n Civil \u201cHuauque\u201d, a los efectos de sumar actividades, y con el acompa\u00f1amiento de la Municipalidad de San Pedro.  <\/p>\n","protected":false},"excerpt":{"rendered":"<p>Fue en el marco del \u201cConcurso de Ideas-Proyecto para la promoci\u00f3n de la cultura cient\u00edfica\u201d, entre 65 proyectos presentados desde distintos puntos de la provincia Desde el a\u00f1o pasado, Jos\u00e9 Luis Aguilar, impulsor del Grupo Conservacionista de F\u00f3siles, comenz\u00f3 a diagramar un evento que permitiera acercar la paleontolog\u00eda, la geolog\u00eda y las ciencias naturales en [&hellip;]<\/p>\n","protected":false},"author":4,"featured_media":17894,"comment_status":"open","ping_status":"closed","sticky":false,"template":"","format":"standard","meta":{"om_disable_all_campaigns":false,"_jetpack_memberships_contains_paid_content":false,"footnotes":""},"categories":[50,101,2],"tags":[],"class_list":["post-17893","post","type-post","status-publish","format-standard","has-post-thumbnail","hentry","category-destacadas","category-interes-general-locales","category-locales"],"aioseo_notices":[],"gutentor_comment":0,"jetpack_featured_media_url":"https:\/\/eldiariodesanpedro.com.ar\/sitio\/wp-content\/uploads\/2017\/04\/PAGINA-5.jpg","jetpack_shortlink":"https:\/\/wp.me\/p6RhLt-4EB","jetpack_sharing_enabled":true,"_links":{"self":[{"href":"https:\/\/eldiariodesanpedro.com.ar\/sitio\/wp-json\/wp\/v2\/posts\/17893","targetHints":{"allow":["GET"]}}],"collection":[{"href":"https:\/\/eldiariodesanpedro.com.ar\/sitio\/wp-json\/wp\/v2\/posts"}],"about":[{"href":"https:\/\/eldiariodesanpedro.com.ar\/sitio\/wp-json\/wp\/v2\/types\/post"}],"author":[{"embeddable":true,"href":"https:\/\/eldiariodesanpedro.com.ar\/sitio\/wp-json\/wp\/v2\/users\/4"}],"replies":[{"embeddable":true,"href":"https:\/\/eldiariodesanpedro.com.ar\/sitio\/wp-json\/wp\/v2\/comments?post=17893"}],"version-history":[{"count":1,"href":"https:\/\/eldiariodesanpedro.com.ar\/sitio\/wp-json\/wp\/v2\/posts\/17893\/revisions"}],"predecessor-version":[{"id":17895,"href":"https:\/\/eldiariodesanpedro.com.ar\/sitio\/wp-json\/wp\/v2\/posts\/17893\/revisions\/17895"}],"wp:featuredmedia":[{"embeddable":true,"href":"https:\/\/eldiariodesanpedro.com.ar\/sitio\/wp-json\/wp\/v2\/media\/17894"}],"wp:attachment":[{"href":"https:\/\/eldiariodesanpedro.com.ar\/sitio\/wp-json\/wp\/v2\/media?parent=17893"}],"wp:term":[{"taxonomy":"category","embeddable":true,"href":"https:\/\/eldiariodesanpedro.com.ar\/sitio\/wp-json\/wp\/v2\/categories?post=17893"},{"taxonomy":"post_tag","embeddable":true,"href":"https:\/\/eldiariodesanpedro.com.ar\/sitio\/wp-json\/wp\/v2\/tags?post=17893"}],"curies":[{"name":"wp","href":"https:\/\/api.w.org\/{rel}","templated":true}]}}