{"id":17889,"date":"2017-04-26T19:30:07","date_gmt":"2017-04-26T22:30:07","guid":{"rendered":"https:\/\/eldiariodesanpedro.com.ar\/sitio\/?p=17889"},"modified":"2017-04-26T19:30:07","modified_gmt":"2017-04-26T22:30:07","slug":"campana-descontaran-las-horas-de-paro-a-los-municipales","status":"publish","type":"post","link":"https:\/\/eldiariodesanpedro.com.ar\/sitio\/campana-descontaran-las-horas-de-paro-a-los-municipales\/","title":{"rendered":"CAMPANA: Descontar\u00e1n las horas de paro a los municipales"},"content":{"rendered":"<p><!-- VideographyWP Plugin Message: Automatic video embedding prevented by plugin options. --><br \/>\n  El Intendente Sebasti\u00e1n Abella comunic\u00f3 que los empleados municipales que adhirieron al paro de cuatro horas por d\u00eda y al paro general del 6 de abril sufrir\u00e1n los correspondientes descuentos en sus recibos de sueldo.<\/p>\n<p>  Tal como lo anticip\u00f3 el Jefe Comunal la semana pasada, los empleados municipales cobrar\u00e1n este viernes 28 el salario correspondiente al mes de abril. Aquellos trabajadores que el 6 de abril se adhirieron al paro perder\u00e1n el premio por presentismo, mientras que, los que si trabajaron cobrar\u00e1n su totalidad, adem\u00e1s del 10% de aumento retroactivo a marzo.<\/p>\n<p>  Con respecto al paro de actividades de 4 horas diarias que el Sindicato de Trabajadores Municipales realiza desde el viernes hasta el mi\u00e9rcoles, Abella asever\u00f3: \u201cTodas las horas que no se trabajaron ser\u00e1n descontadas si el Ministerio lo permite, en la pr\u00f3xima liquidaci\u00f3n en el mes de mayo\u201d.<\/p>\n<p>  Y agreg\u00f3: \u201cel Ministerio de Trabajo, los secretarios y directores municipales est\u00e1n haciendo un relevamiento para constatar quienes trabajaron y quienes no\u201d.<\/p>\n<p>  \u201cNo vamos a permitir que el empleado que trabaj\u00f3 normalmente desde el viernes hasta el mi\u00e9rcoles, cobre lo mismo que aquel que se sum\u00f3 a esta medida de fuerza\u201d, a\u00f1adi\u00f3.<\/p>\n<p>  El Jefe Comunal consider\u00f3 que \u201cen estos 15 meses de gesti\u00f3n, van 14 d\u00edas de paro, sumando los d\u00edas martes y mi\u00e9rcoles. No me parece justo que tomen esta medida con un Intendente que otorg\u00f3 un aumento de sueldo de m\u00e1s de un 120%, sumado con el 10% de aumento en el b\u00e1sico que anunci\u00e9 la semana pasada, m\u00e1s el 3% de antig\u00fcedad, que se gener\u00f3 en nuestra gesti\u00f3n\u201d.<\/p>\n<p>  Y sum\u00f3: \u201cLos aumentos otorgados son hechos muy importantes, pero claramente al gremio lo est\u00e1 dominando la pol\u00edtica. Miren los medios y van a ver que es cierto lo que digo\u201d, resalt\u00f3 en referencia a que integrantes del gremio participan activamente del Frente para la Victoria y el peronismo.<\/p>\n<p>(http:\/\/www.campananoticias.com)<\/p>\n","protected":false},"excerpt":{"rendered":"<p>El Intendente Sebasti\u00e1n Abella comunic\u00f3 que los empleados municipales que adhirieron al paro de cuatro horas por d\u00eda y al paro general del 6 de abril sufrir\u00e1n los correspondientes descuentos en sus recibos de sueldo. Tal como lo anticip\u00f3 el Jefe Comunal la semana pasada, los empleados municipales cobrar\u00e1n este viernes 28 el salario correspondiente [&hellip;]<\/p>\n","protected":false},"author":4,"featured_media":17890,"comment_status":"open","ping_status":"closed","sticky":false,"template":"","format":"standard","meta":{"om_disable_all_campaigns":false,"_jetpack_memberships_contains_paid_content":false,"footnotes":""},"categories":[621],"tags":[],"class_list":["post-17889","post","type-post","status-publish","format-standard","has-post-thumbnail","hentry","category-regionales"],"aioseo_notices":[],"gutentor_comment":0,"jetpack_featured_media_url":"https:\/\/eldiariodesanpedro.com.ar\/sitio\/wp-content\/uploads\/2017\/04\/intendente-Sebasti\u00e1n-Abella.jpg","jetpack_shortlink":"https:\/\/wp.me\/p6RhLt-4Ex","jetpack_sharing_enabled":true,"_links":{"self":[{"href":"https:\/\/eldiariodesanpedro.com.ar\/sitio\/wp-json\/wp\/v2\/posts\/17889","targetHints":{"allow":["GET"]}}],"collection":[{"href":"https:\/\/eldiariodesanpedro.com.ar\/sitio\/wp-json\/wp\/v2\/posts"}],"about":[{"href":"https:\/\/eldiariodesanpedro.com.ar\/sitio\/wp-json\/wp\/v2\/types\/post"}],"author":[{"embeddable":true,"href":"https:\/\/eldiariodesanpedro.com.ar\/sitio\/wp-json\/wp\/v2\/users\/4"}],"replies":[{"embeddable":true,"href":"https:\/\/eldiariodesanpedro.com.ar\/sitio\/wp-json\/wp\/v2\/comments?post=17889"}],"version-history":[{"count":1,"href":"https:\/\/eldiariodesanpedro.com.ar\/sitio\/wp-json\/wp\/v2\/posts\/17889\/revisions"}],"predecessor-version":[{"id":17891,"href":"https:\/\/eldiariodesanpedro.com.ar\/sitio\/wp-json\/wp\/v2\/posts\/17889\/revisions\/17891"}],"wp:featuredmedia":[{"embeddable":true,"href":"https:\/\/eldiariodesanpedro.com.ar\/sitio\/wp-json\/wp\/v2\/media\/17890"}],"wp:attachment":[{"href":"https:\/\/eldiariodesanpedro.com.ar\/sitio\/wp-json\/wp\/v2\/media?parent=17889"}],"wp:term":[{"taxonomy":"category","embeddable":true,"href":"https:\/\/eldiariodesanpedro.com.ar\/sitio\/wp-json\/wp\/v2\/categories?post=17889"},{"taxonomy":"post_tag","embeddable":true,"href":"https:\/\/eldiariodesanpedro.com.ar\/sitio\/wp-json\/wp\/v2\/tags?post=17889"}],"curies":[{"name":"wp","href":"https:\/\/api.w.org\/{rel}","templated":true}]}}