{"id":17881,"date":"2017-04-26T19:06:14","date_gmt":"2017-04-26T22:06:14","guid":{"rendered":"https:\/\/eldiariodesanpedro.com.ar\/sitio\/?p=17881"},"modified":"2017-04-26T19:06:14","modified_gmt":"2017-04-26T22:06:14","slug":"sampedrinos-participaron-del-xxii-pleno-del-consejo-de-comunidades-baleares-en-el-exterior","status":"publish","type":"post","link":"https:\/\/eldiariodesanpedro.com.ar\/sitio\/sampedrinos-participaron-del-xxii-pleno-del-consejo-de-comunidades-baleares-en-el-exterior\/","title":{"rendered":"Sampedrinos participaron del XXII pleno del consejo de Comunidades Baleares en el exterior"},"content":{"rendered":"<p><!-- VideographyWP Plugin Message: Automatic video embedding prevented by plugin options. --><br \/>\nTuvo lugar en la ciudad de Rosario (Sta. Fe) un nuevo encuentro de Casas y Centros Baleares; asistieron las ubicadas en Chile, Uruguay, Cuba y Argentina (Santa Fe, Rosario, C\u00f3rdoba, Villa Mar\u00eda, Mendoza, Mar del Plata, Bol\u00edvar, Bah\u00eda Blanca, Buenos Aires, San Juan, NEA y San Pedro); por la Agrupaci\u00f3n Mallorca asisti\u00f3 su presidente, Gustavo Gonz\u00e1lez Truyols, y Don Jorge Terr\u00e9 Rigo, expresidente y actual miembro directivo; por el Gobierno de las Islas Baleares se hizo presente el Director de Acci\u00f3n Exterior, Don Josep Claverol; la reuni\u00f3n tuvo lugar en el destacado Hotel Savoy y en el Centro Antonio Berni ubicado en la costanera rosarina; las Casas compartieron sus vivencias y proyectos, a la vez que el Gobierno present\u00f3 la nueva l\u00ednea de subvenciones previstas para este a\u00f1o, luego de ausencia de las mismas desde el 2011.-<\/p>\n","protected":false},"excerpt":{"rendered":"<p>Tuvo lugar en la ciudad de Rosario (Sta. Fe) un nuevo encuentro de Casas y Centros Baleares; asistieron las ubicadas en Chile, Uruguay, Cuba y Argentina (Santa Fe, Rosario, C\u00f3rdoba, Villa Mar\u00eda, Mendoza, Mar del Plata, Bol\u00edvar, Bah\u00eda Blanca, Buenos Aires, San Juan, NEA y San Pedro); por la Agrupaci\u00f3n Mallorca asisti\u00f3 su presidente, Gustavo [&hellip;]<\/p>\n","protected":false},"author":4,"featured_media":17882,"comment_status":"open","ping_status":"closed","sticky":false,"template":"","format":"standard","meta":{"om_disable_all_campaigns":false,"_jetpack_memberships_contains_paid_content":false,"footnotes":""},"categories":[101,2],"tags":[],"class_list":["post-17881","post","type-post","status-publish","format-standard","has-post-thumbnail","hentry","category-interes-general-locales","category-locales"],"aioseo_notices":[],"gutentor_comment":0,"jetpack_featured_media_url":"https:\/\/eldiariodesanpedro.com.ar\/sitio\/wp-content\/uploads\/2017\/04\/Sampedrinos-participaron-del-XXII-pleno-del-consejo-de-Comunidades-Baleares-en-el-exterior.jpg","jetpack_shortlink":"https:\/\/wp.me\/p6RhLt-4Ep","jetpack_sharing_enabled":true,"_links":{"self":[{"href":"https:\/\/eldiariodesanpedro.com.ar\/sitio\/wp-json\/wp\/v2\/posts\/17881","targetHints":{"allow":["GET"]}}],"collection":[{"href":"https:\/\/eldiariodesanpedro.com.ar\/sitio\/wp-json\/wp\/v2\/posts"}],"about":[{"href":"https:\/\/eldiariodesanpedro.com.ar\/sitio\/wp-json\/wp\/v2\/types\/post"}],"author":[{"embeddable":true,"href":"https:\/\/eldiariodesanpedro.com.ar\/sitio\/wp-json\/wp\/v2\/users\/4"}],"replies":[{"embeddable":true,"href":"https:\/\/eldiariodesanpedro.com.ar\/sitio\/wp-json\/wp\/v2\/comments?post=17881"}],"version-history":[{"count":1,"href":"https:\/\/eldiariodesanpedro.com.ar\/sitio\/wp-json\/wp\/v2\/posts\/17881\/revisions"}],"predecessor-version":[{"id":17883,"href":"https:\/\/eldiariodesanpedro.com.ar\/sitio\/wp-json\/wp\/v2\/posts\/17881\/revisions\/17883"}],"wp:featuredmedia":[{"embeddable":true,"href":"https:\/\/eldiariodesanpedro.com.ar\/sitio\/wp-json\/wp\/v2\/media\/17882"}],"wp:attachment":[{"href":"https:\/\/eldiariodesanpedro.com.ar\/sitio\/wp-json\/wp\/v2\/media?parent=17881"}],"wp:term":[{"taxonomy":"category","embeddable":true,"href":"https:\/\/eldiariodesanpedro.com.ar\/sitio\/wp-json\/wp\/v2\/categories?post=17881"},{"taxonomy":"post_tag","embeddable":true,"href":"https:\/\/eldiariodesanpedro.com.ar\/sitio\/wp-json\/wp\/v2\/tags?post=17881"}],"curies":[{"name":"wp","href":"https:\/\/api.w.org\/{rel}","templated":true}]}}