{"id":17815,"date":"2017-04-25T18:28:45","date_gmt":"2017-04-25T21:28:45","guid":{"rendered":"https:\/\/eldiariodesanpedro.com.ar\/sitio\/?p=17815"},"modified":"2017-04-25T18:28:45","modified_gmt":"2017-04-25T21:28:45","slug":"alumnos-de-la-facultad-de-agronomia-visitaron-la-agrupacion-mallorca","status":"publish","type":"post","link":"https:\/\/eldiariodesanpedro.com.ar\/sitio\/alumnos-de-la-facultad-de-agronomia-visitaron-la-agrupacion-mallorca\/","title":{"rendered":"Alumnos de la Facultad de Agronom\u00eda visitaron la Agrupaci\u00f3n Mallorca"},"content":{"rendered":"<p><!-- VideographyWP Plugin Message: Automatic video embedding prevented by plugin options. --><br \/>\nAlumnos del \u00faltimo tramo acad\u00e9mico de las carreras de la Facultad de Agronom\u00eda de la UBA visitaron una vez m\u00e1s la ciudad de San Pedro motivados por el cursado de la materia \u201cAlimentos con identidad territorial\u201d; acompa\u00f1ados por los profesores Ana Amador y Hugo Cetr\u00e1ngolo, el grupo de estudiantes fue recibido por miembros de la Colectividad Mallorquina en la Plaza Constituci\u00f3n para luego dirigirse a la Direcci\u00f3n de Turismo donde eran esperados por su propia Directora, Marcela Cu\u00f1er, por la Licenciada Mariana Piola (INTA SAN PEDRO), por personal del \u00e1rea municipal y productores participantes de las ferias de los productos de la tierra y el r\u00edo; all\u00ed participaron de una interesante charla vinculada a su materia de estudio para partir luego en b\u00fasqueda de la historia de nuestra casco antiguo a trav\u00e9s de una interesante visita guiada. Una vez llegado el mediod\u00eda arribaron a la Sede Mallorquina para disfrutar de un almuerzo t\u00edpico y disponerse a apreciar las demostraciones culinarias de la Carnicer\u00eda Corti, en la elaboraci\u00f3n de la sobrasada mallorquina, y de los miembros de Comisi\u00f3n Directiva, Nancy Juli\u00e1n y Juan Puig, en la explicaci\u00f3n de los pasos para elaborar el m\u00edtico postre mallorqu\u00edn: la ENSAIMADA. Al promediar la tarde, y antes de regresar a Buenos Aires, degustaron el tradicional licor \u201cpalo mallorqu\u00edn\u201d elaborado por la Sra. Silvia Rigo.<\/p>\n","protected":false},"excerpt":{"rendered":"<p>Alumnos del \u00faltimo tramo acad\u00e9mico de las carreras de la Facultad de Agronom\u00eda de la UBA visitaron una vez m\u00e1s la ciudad de San Pedro motivados por el cursado de la materia \u201cAlimentos con identidad territorial\u201d; acompa\u00f1ados por los profesores Ana Amador y Hugo Cetr\u00e1ngolo, el grupo de estudiantes fue recibido por miembros de la [&hellip;]<\/p>\n","protected":false},"author":4,"featured_media":17816,"comment_status":"open","ping_status":"closed","sticky":false,"template":"","format":"standard","meta":{"om_disable_all_campaigns":false,"_jetpack_memberships_contains_paid_content":false,"footnotes":""},"categories":[101,2],"tags":[],"class_list":["post-17815","post","type-post","status-publish","format-standard","has-post-thumbnail","hentry","category-interes-general-locales","category-locales"],"aioseo_notices":[],"gutentor_comment":0,"jetpack_featured_media_url":"https:\/\/eldiariodesanpedro.com.ar\/sitio\/wp-content\/uploads\/2017\/04\/Los-alumnos-de-la-UBA-en-la-Agrupaci\u00f3n-Mallorca.jpg","jetpack_shortlink":"https:\/\/wp.me\/p6RhLt-4Dl","jetpack_sharing_enabled":true,"_links":{"self":[{"href":"https:\/\/eldiariodesanpedro.com.ar\/sitio\/wp-json\/wp\/v2\/posts\/17815","targetHints":{"allow":["GET"]}}],"collection":[{"href":"https:\/\/eldiariodesanpedro.com.ar\/sitio\/wp-json\/wp\/v2\/posts"}],"about":[{"href":"https:\/\/eldiariodesanpedro.com.ar\/sitio\/wp-json\/wp\/v2\/types\/post"}],"author":[{"embeddable":true,"href":"https:\/\/eldiariodesanpedro.com.ar\/sitio\/wp-json\/wp\/v2\/users\/4"}],"replies":[{"embeddable":true,"href":"https:\/\/eldiariodesanpedro.com.ar\/sitio\/wp-json\/wp\/v2\/comments?post=17815"}],"version-history":[{"count":1,"href":"https:\/\/eldiariodesanpedro.com.ar\/sitio\/wp-json\/wp\/v2\/posts\/17815\/revisions"}],"predecessor-version":[{"id":17817,"href":"https:\/\/eldiariodesanpedro.com.ar\/sitio\/wp-json\/wp\/v2\/posts\/17815\/revisions\/17817"}],"wp:featuredmedia":[{"embeddable":true,"href":"https:\/\/eldiariodesanpedro.com.ar\/sitio\/wp-json\/wp\/v2\/media\/17816"}],"wp:attachment":[{"href":"https:\/\/eldiariodesanpedro.com.ar\/sitio\/wp-json\/wp\/v2\/media?parent=17815"}],"wp:term":[{"taxonomy":"category","embeddable":true,"href":"https:\/\/eldiariodesanpedro.com.ar\/sitio\/wp-json\/wp\/v2\/categories?post=17815"},{"taxonomy":"post_tag","embeddable":true,"href":"https:\/\/eldiariodesanpedro.com.ar\/sitio\/wp-json\/wp\/v2\/tags?post=17815"}],"curies":[{"name":"wp","href":"https:\/\/api.w.org\/{rel}","templated":true}]}}