{"id":17806,"date":"2017-04-25T11:59:23","date_gmt":"2017-04-25T14:59:23","guid":{"rendered":"https:\/\/eldiariodesanpedro.com.ar\/sitio\/?p=17806"},"modified":"2017-04-25T11:59:23","modified_gmt":"2017-04-25T14:59:23","slug":"el-cic-como-nuevo-punto-digital","status":"publish","type":"post","link":"https:\/\/eldiariodesanpedro.com.ar\/sitio\/el-cic-como-nuevo-punto-digital\/","title":{"rendered":"El CIC como nuevo Punto Digital"},"content":{"rendered":"<p><!-- VideographyWP Plugin Message: Automatic video embedding prevented by plugin options. --><br \/>\nEste lunes visitaron la ciudad los representantes de la Secretar\u00eda \u201cPa\u00eds Digital\u201d del Ministerio de Modernizaci\u00f3n de la Naci\u00f3n Francisco Langari y Corina Mart\u00ednez, con quienes se avanz\u00f3 en la conformaci\u00f3n del CIC como nuevo Punto Digital.<\/p>\n<p>En el mismo se instalar\u00e1 una sala de capacitaci\u00f3n con 16 computadoras, un micro cine, una sala de entretenimientos y un punto de WIFi libre.<\/p>\n<p>A esto se llega producto de las gestiones llevadas a cabo en conjunto entre la Direcci\u00f3n de Modernizaci\u00f3n y el CDR local.<\/p>\n<p>Del mismo modo, en la reuni\u00f3n con los representantes del Ministerio de Modernizaci\u00f3n se present\u00f3 el programa de Gesti\u00f3n Documental de Expedientes que se implementar\u00e1 para colaborar con la reducci\u00f3n del uso de papel y desburocratizando la administraci\u00f3n municipal para una gesti\u00f3n \u00e1gil y eficaz.<\/p>\n","protected":false},"excerpt":{"rendered":"<p>Este lunes visitaron la ciudad los representantes de la Secretar\u00eda \u201cPa\u00eds Digital\u201d del Ministerio de Modernizaci\u00f3n de la Naci\u00f3n Francisco Langari y Corina Mart\u00ednez, con quienes se avanz\u00f3 en la conformaci\u00f3n del CIC como nuevo Punto Digital. En el mismo se instalar\u00e1 una sala de capacitaci\u00f3n con 16 computadoras, un micro cine, una sala de [&hellip;]<\/p>\n","protected":false},"author":4,"featured_media":17807,"comment_status":"open","ping_status":"closed","sticky":false,"template":"","format":"standard","meta":{"om_disable_all_campaigns":false,"_jetpack_memberships_contains_paid_content":false,"footnotes":""},"categories":[101,2],"tags":[],"class_list":["post-17806","post","type-post","status-publish","format-standard","has-post-thumbnail","hentry","category-interes-general-locales","category-locales"],"aioseo_notices":[],"gutentor_comment":0,"jetpack_featured_media_url":"https:\/\/eldiariodesanpedro.com.ar\/sitio\/wp-content\/uploads\/2017\/04\/unnamed-2.jpg","jetpack_shortlink":"https:\/\/wp.me\/p6RhLt-4Dc","jetpack_sharing_enabled":true,"_links":{"self":[{"href":"https:\/\/eldiariodesanpedro.com.ar\/sitio\/wp-json\/wp\/v2\/posts\/17806","targetHints":{"allow":["GET"]}}],"collection":[{"href":"https:\/\/eldiariodesanpedro.com.ar\/sitio\/wp-json\/wp\/v2\/posts"}],"about":[{"href":"https:\/\/eldiariodesanpedro.com.ar\/sitio\/wp-json\/wp\/v2\/types\/post"}],"author":[{"embeddable":true,"href":"https:\/\/eldiariodesanpedro.com.ar\/sitio\/wp-json\/wp\/v2\/users\/4"}],"replies":[{"embeddable":true,"href":"https:\/\/eldiariodesanpedro.com.ar\/sitio\/wp-json\/wp\/v2\/comments?post=17806"}],"version-history":[{"count":1,"href":"https:\/\/eldiariodesanpedro.com.ar\/sitio\/wp-json\/wp\/v2\/posts\/17806\/revisions"}],"predecessor-version":[{"id":17808,"href":"https:\/\/eldiariodesanpedro.com.ar\/sitio\/wp-json\/wp\/v2\/posts\/17806\/revisions\/17808"}],"wp:featuredmedia":[{"embeddable":true,"href":"https:\/\/eldiariodesanpedro.com.ar\/sitio\/wp-json\/wp\/v2\/media\/17807"}],"wp:attachment":[{"href":"https:\/\/eldiariodesanpedro.com.ar\/sitio\/wp-json\/wp\/v2\/media?parent=17806"}],"wp:term":[{"taxonomy":"category","embeddable":true,"href":"https:\/\/eldiariodesanpedro.com.ar\/sitio\/wp-json\/wp\/v2\/categories?post=17806"},{"taxonomy":"post_tag","embeddable":true,"href":"https:\/\/eldiariodesanpedro.com.ar\/sitio\/wp-json\/wp\/v2\/tags?post=17806"}],"curies":[{"name":"wp","href":"https:\/\/api.w.org\/{rel}","templated":true}]}}