{"id":17803,"date":"2017-04-25T11:52:06","date_gmt":"2017-04-25T14:52:06","guid":{"rendered":"https:\/\/eldiariodesanpedro.com.ar\/sitio\/?p=17803"},"modified":"2017-04-25T11:52:06","modified_gmt":"2017-04-25T14:52:06","slug":"semana-de-las-americas-en-gobernador-castro-y-san-pedro","status":"publish","type":"post","link":"https:\/\/eldiariodesanpedro.com.ar\/sitio\/semana-de-las-americas-en-gobernador-castro-y-san-pedro\/","title":{"rendered":"Semana de las Am\u00e9ricas en Gobernador Castro y San Pedro"},"content":{"rendered":"<p><!-- VideographyWP Plugin Message: Automatic video embedding prevented by plugin options. --><br \/>\nLa municipalidad recuerda que en el marco de las actividades programadas para la Semana de las Am\u00e9ricas, este martes 25 de abril representantes del Hospital 26 de Julio de Gobernador Castro, la Delegaci\u00f3n Municipal y el Grupo Envi\u00f3n de la Localidad cumplir\u00e1n con la jornada \u201cVacunate y celebremos un futuro saludable\u201d en el barrio El Progreso desde las 16.30.<\/p>\n<p>Del mismo modo, la Secretar\u00eda de Salud completar\u00e1 los calendarios de vacunaci\u00f3n en la Plaza Constituci\u00f3n de 8.00 a 17.00.<\/p>\n","protected":false},"excerpt":{"rendered":"<p>La municipalidad recuerda que en el marco de las actividades programadas para la Semana de las Am\u00e9ricas, este martes 25 de abril representantes del Hospital 26 de Julio de Gobernador Castro, la Delegaci\u00f3n Municipal y el Grupo Envi\u00f3n de la Localidad cumplir\u00e1n con la jornada \u201cVacunate y celebremos un futuro saludable\u201d en el barrio El [&hellip;]<\/p>\n","protected":false},"author":4,"featured_media":17804,"comment_status":"open","ping_status":"closed","sticky":false,"template":"","format":"standard","meta":{"om_disable_all_campaigns":false,"_jetpack_memberships_contains_paid_content":false,"footnotes":""},"categories":[101,2],"tags":[],"class_list":["post-17803","post","type-post","status-publish","format-standard","has-post-thumbnail","hentry","category-interes-general-locales","category-locales"],"aioseo_notices":[],"gutentor_comment":0,"jetpack_featured_media_url":"https:\/\/eldiariodesanpedro.com.ar\/sitio\/wp-content\/uploads\/2017\/04\/SemanaDeLasAmericas2.jpg","jetpack_shortlink":"https:\/\/wp.me\/p6RhLt-4D9","jetpack_sharing_enabled":true,"_links":{"self":[{"href":"https:\/\/eldiariodesanpedro.com.ar\/sitio\/wp-json\/wp\/v2\/posts\/17803","targetHints":{"allow":["GET"]}}],"collection":[{"href":"https:\/\/eldiariodesanpedro.com.ar\/sitio\/wp-json\/wp\/v2\/posts"}],"about":[{"href":"https:\/\/eldiariodesanpedro.com.ar\/sitio\/wp-json\/wp\/v2\/types\/post"}],"author":[{"embeddable":true,"href":"https:\/\/eldiariodesanpedro.com.ar\/sitio\/wp-json\/wp\/v2\/users\/4"}],"replies":[{"embeddable":true,"href":"https:\/\/eldiariodesanpedro.com.ar\/sitio\/wp-json\/wp\/v2\/comments?post=17803"}],"version-history":[{"count":1,"href":"https:\/\/eldiariodesanpedro.com.ar\/sitio\/wp-json\/wp\/v2\/posts\/17803\/revisions"}],"predecessor-version":[{"id":17805,"href":"https:\/\/eldiariodesanpedro.com.ar\/sitio\/wp-json\/wp\/v2\/posts\/17803\/revisions\/17805"}],"wp:featuredmedia":[{"embeddable":true,"href":"https:\/\/eldiariodesanpedro.com.ar\/sitio\/wp-json\/wp\/v2\/media\/17804"}],"wp:attachment":[{"href":"https:\/\/eldiariodesanpedro.com.ar\/sitio\/wp-json\/wp\/v2\/media?parent=17803"}],"wp:term":[{"taxonomy":"category","embeddable":true,"href":"https:\/\/eldiariodesanpedro.com.ar\/sitio\/wp-json\/wp\/v2\/categories?post=17803"},{"taxonomy":"post_tag","embeddable":true,"href":"https:\/\/eldiariodesanpedro.com.ar\/sitio\/wp-json\/wp\/v2\/tags?post=17803"}],"curies":[{"name":"wp","href":"https:\/\/api.w.org\/{rel}","templated":true}]}}