{"id":17801,"date":"2017-04-25T08:26:51","date_gmt":"2017-04-25T11:26:51","guid":{"rendered":"https:\/\/eldiariodesanpedro.com.ar\/sitio\/?p=17801"},"modified":"2017-04-25T08:26:51","modified_gmt":"2017-04-25T11:26:51","slug":"un-colectivero-no-se-detuvo-en-un-control-policial-y-de-dio-a-la-fuga","status":"publish","type":"post","link":"https:\/\/eldiariodesanpedro.com.ar\/sitio\/un-colectivero-no-se-detuvo-en-un-control-policial-y-de-dio-a-la-fuga\/","title":{"rendered":"Un colectivero no se detuvo en un control policial y de dio a la fuga"},"content":{"rendered":"<p><!-- VideographyWP Plugin Message: Automatic video embedding prevented by plugin options. --><br \/>\nEn el d\u00eda de ayer a las 20:00 hs en la intersecci\u00f3n de las calles Chacabuco y Bottaro, en un operativo realizado por la direcci\u00f3n de tr\u00e1nsito y nocturnidad acompa\u00f1ado por la polic\u00eda de nuestra ciudad quienes dan la orden a un colectivo Mercedes Benz el que era conducido por un hombre de 42 a\u00f1os de edad que no se detiene su marcha d\u00e1ndose a la fuga hasta su domicilio ubicado a 100 metros del lugar. <\/p>\n<p>El personal policial que persigui\u00f3 al infractor fue amenazado por este hombre que al momento de bajarse del colectivo portaba un martillo con el que amenaz\u00f3 a las autoridades ingresando a su domicilio donde luego de una extensa charla con los polic\u00edas decide salir y entregarse para ser trasladado a la comisar\u00eda local para momentos despu\u00e9s recuperar la libertad. <\/p>\n","protected":false},"excerpt":{"rendered":"<p>En el d\u00eda de ayer a las 20:00 hs en la intersecci\u00f3n de las calles Chacabuco y Bottaro, en un operativo realizado por la direcci\u00f3n de tr\u00e1nsito y nocturnidad acompa\u00f1ado por la polic\u00eda de nuestra ciudad quienes dan la orden a un colectivo Mercedes Benz el que era conducido por un hombre de 42 a\u00f1os [&hellip;]<\/p>\n","protected":false},"author":4,"featured_media":14675,"comment_status":"open","ping_status":"closed","sticky":false,"template":"","format":"standard","meta":{"om_disable_all_campaigns":false,"_jetpack_memberships_contains_paid_content":false,"footnotes":""},"categories":[2,103],"tags":[],"class_list":["post-17801","post","type-post","status-publish","format-standard","has-post-thumbnail","hentry","category-locales","category-policiales-locales"],"aioseo_notices":[],"gutentor_comment":0,"jetpack_featured_media_url":"https:\/\/eldiariodesanpedro.com.ar\/sitio\/wp-content\/uploads\/2017\/02\/multa-transito.jpg","jetpack_shortlink":"https:\/\/wp.me\/p6RhLt-4D7","jetpack_sharing_enabled":true,"_links":{"self":[{"href":"https:\/\/eldiariodesanpedro.com.ar\/sitio\/wp-json\/wp\/v2\/posts\/17801","targetHints":{"allow":["GET"]}}],"collection":[{"href":"https:\/\/eldiariodesanpedro.com.ar\/sitio\/wp-json\/wp\/v2\/posts"}],"about":[{"href":"https:\/\/eldiariodesanpedro.com.ar\/sitio\/wp-json\/wp\/v2\/types\/post"}],"author":[{"embeddable":true,"href":"https:\/\/eldiariodesanpedro.com.ar\/sitio\/wp-json\/wp\/v2\/users\/4"}],"replies":[{"embeddable":true,"href":"https:\/\/eldiariodesanpedro.com.ar\/sitio\/wp-json\/wp\/v2\/comments?post=17801"}],"version-history":[{"count":1,"href":"https:\/\/eldiariodesanpedro.com.ar\/sitio\/wp-json\/wp\/v2\/posts\/17801\/revisions"}],"predecessor-version":[{"id":17802,"href":"https:\/\/eldiariodesanpedro.com.ar\/sitio\/wp-json\/wp\/v2\/posts\/17801\/revisions\/17802"}],"wp:featuredmedia":[{"embeddable":true,"href":"https:\/\/eldiariodesanpedro.com.ar\/sitio\/wp-json\/wp\/v2\/media\/14675"}],"wp:attachment":[{"href":"https:\/\/eldiariodesanpedro.com.ar\/sitio\/wp-json\/wp\/v2\/media?parent=17801"}],"wp:term":[{"taxonomy":"category","embeddable":true,"href":"https:\/\/eldiariodesanpedro.com.ar\/sitio\/wp-json\/wp\/v2\/categories?post=17801"},{"taxonomy":"post_tag","embeddable":true,"href":"https:\/\/eldiariodesanpedro.com.ar\/sitio\/wp-json\/wp\/v2\/tags?post=17801"}],"curies":[{"name":"wp","href":"https:\/\/api.w.org\/{rel}","templated":true}]}}