{"id":17799,"date":"2017-04-25T08:09:49","date_gmt":"2017-04-25T11:09:49","guid":{"rendered":"https:\/\/eldiariodesanpedro.com.ar\/sitio\/?p=17799"},"modified":"2017-04-25T08:09:49","modified_gmt":"2017-04-25T11:09:49","slug":"nuevamente-un-inspector-de-transito-atropellado-por-un-joven-en-un-control","status":"publish","type":"post","link":"https:\/\/eldiariodesanpedro.com.ar\/sitio\/nuevamente-un-inspector-de-transito-atropellado-por-un-joven-en-un-control\/","title":{"rendered":"Nuevamente un inspector de tr\u00e1nsito atropellado por un joven en un control"},"content":{"rendered":"<p><!-- VideographyWP Plugin Message: Automatic video embedding prevented by plugin options. --><br \/>\nEn la tarde de ayer personal policial en conjunto con la direcci\u00f3n de tr\u00e1nsito y nocturnidad realizaban un operativo en calle 11 de septiembre y Lavalle. <\/p>\n<p>Momentos en que se disponen a interceptar una motocicleta guiada por un joven quien acelera su marcha en vez de frenar ante la orden de la autoridad tratando de evadir el control tras maniobra brusca maniobra embiste de manera intencional a inspector de tr\u00e1nsito, no conforme con esto nuevamente intenta darse a la fuga siendo reducido por el personal policia en el lugar. <\/p>\n<p>El inspector presentaba traumatismo en uno de sus brazos, por lo que fue trasladado a la guardia del hospital local. <\/p>\n<p>En cuanto al joven fue trasladado a la sede policial junto a su rodado quien quedar\u00e1 a disposici\u00f3n de la polic\u00eda, y la moto fue secuestrada por personal de tr\u00e1nsito. <\/p>\n","protected":false},"excerpt":{"rendered":"<p>En la tarde de ayer personal policial en conjunto con la direcci\u00f3n de tr\u00e1nsito y nocturnidad realizaban un operativo en calle 11 de septiembre y Lavalle. Momentos en que se disponen a interceptar una motocicleta guiada por un joven quien acelera su marcha en vez de frenar ante la orden de la autoridad tratando de [&hellip;]<\/p>\n","protected":false},"author":4,"featured_media":17705,"comment_status":"open","ping_status":"closed","sticky":false,"template":"","format":"standard","meta":{"om_disable_all_campaigns":false,"_jetpack_memberships_contains_paid_content":false,"footnotes":""},"categories":[50,2,103],"tags":[],"class_list":["post-17799","post","type-post","status-publish","format-standard","has-post-thumbnail","hentry","category-destacadas","category-locales","category-policiales-locales"],"aioseo_notices":[],"gutentor_comment":0,"jetpack_featured_media_url":"https:\/\/eldiariodesanpedro.com.ar\/sitio\/wp-content\/uploads\/2017\/04\/transito-noche.jpg","jetpack_shortlink":"https:\/\/wp.me\/p6RhLt-4D5","jetpack_sharing_enabled":true,"_links":{"self":[{"href":"https:\/\/eldiariodesanpedro.com.ar\/sitio\/wp-json\/wp\/v2\/posts\/17799","targetHints":{"allow":["GET"]}}],"collection":[{"href":"https:\/\/eldiariodesanpedro.com.ar\/sitio\/wp-json\/wp\/v2\/posts"}],"about":[{"href":"https:\/\/eldiariodesanpedro.com.ar\/sitio\/wp-json\/wp\/v2\/types\/post"}],"author":[{"embeddable":true,"href":"https:\/\/eldiariodesanpedro.com.ar\/sitio\/wp-json\/wp\/v2\/users\/4"}],"replies":[{"embeddable":true,"href":"https:\/\/eldiariodesanpedro.com.ar\/sitio\/wp-json\/wp\/v2\/comments?post=17799"}],"version-history":[{"count":1,"href":"https:\/\/eldiariodesanpedro.com.ar\/sitio\/wp-json\/wp\/v2\/posts\/17799\/revisions"}],"predecessor-version":[{"id":17800,"href":"https:\/\/eldiariodesanpedro.com.ar\/sitio\/wp-json\/wp\/v2\/posts\/17799\/revisions\/17800"}],"wp:featuredmedia":[{"embeddable":true,"href":"https:\/\/eldiariodesanpedro.com.ar\/sitio\/wp-json\/wp\/v2\/media\/17705"}],"wp:attachment":[{"href":"https:\/\/eldiariodesanpedro.com.ar\/sitio\/wp-json\/wp\/v2\/media?parent=17799"}],"wp:term":[{"taxonomy":"category","embeddable":true,"href":"https:\/\/eldiariodesanpedro.com.ar\/sitio\/wp-json\/wp\/v2\/categories?post=17799"},{"taxonomy":"post_tag","embeddable":true,"href":"https:\/\/eldiariodesanpedro.com.ar\/sitio\/wp-json\/wp\/v2\/tags?post=17799"}],"curies":[{"name":"wp","href":"https:\/\/api.w.org\/{rel}","templated":true}]}}