{"id":17781,"date":"2017-04-24T18:58:10","date_gmt":"2017-04-24T21:58:10","guid":{"rendered":"https:\/\/eldiariodesanpedro.com.ar\/sitio\/?p=17781"},"modified":"2017-04-24T18:58:10","modified_gmt":"2017-04-24T21:58:10","slug":"salto-alessandro-nunca-me-han-cumplido-tanto-como-este-gobierno","status":"publish","type":"post","link":"https:\/\/eldiariodesanpedro.com.ar\/sitio\/salto-alessandro-nunca-me-han-cumplido-tanto-como-este-gobierno\/","title":{"rendered":"SALTO, Alessandro: \u201cNunca me han cumplido tanto como este Gobierno\u201d"},"content":{"rendered":"<p><!-- VideographyWP Plugin Message: Automatic video embedding prevented by plugin options. --><br \/>\n\u00abLa Gobernadora se ha movido con todo este tema de una manera importante y muy valorable\u00bb, asever\u00f3 el intendente de Salto.<\/p>\n<p>El intendente de la localidad de Salto, Ricardo Alessandro, habl\u00f3 sobre las graves inundaciones que ha sufrido su distrito y rescat\u00f3 la ayuda del Estado provincial: \u201c\u201dLa Gobernadora se ha movido con todo este tema de una manera importante y muy valorable\u201d, sostuvo.<\/p>\n<p>\u201cNunca me han tratado mejor y nunca me han cumplido tanto como este gobierno\u201d, subray\u00f3.<\/p>\n<p>Finalmente, lanz\u00f3 dardos hacia el kirchnerismo por el compromiso asumido luego de la inundaci\u00f3n en 2015: \u201cEl Gobierno que se fue prometi\u00f3 mucho e hizo muy poco\u201d, concluy\u00f3. (Grupo La Provincia)<\/p>\n","protected":false},"excerpt":{"rendered":"<p>\u00abLa Gobernadora se ha movido con todo este tema de una manera importante y muy valorable\u00bb, asever\u00f3 el intendente de Salto. El intendente de la localidad de Salto, Ricardo Alessandro, habl\u00f3 sobre las graves inundaciones que ha sufrido su distrito y rescat\u00f3 la ayuda del Estado provincial: \u201c\u201dLa Gobernadora se ha movido con todo este [&hellip;]<\/p>\n","protected":false},"author":4,"featured_media":17783,"comment_status":"open","ping_status":"closed","sticky":false,"template":"","format":"standard","meta":{"om_disable_all_campaigns":false,"_jetpack_memberships_contains_paid_content":false,"footnotes":""},"categories":[621],"tags":[],"class_list":["post-17781","post","type-post","status-publish","format-standard","has-post-thumbnail","hentry","category-regionales"],"aioseo_notices":[],"gutentor_comment":0,"jetpack_featured_media_url":"https:\/\/eldiariodesanpedro.com.ar\/sitio\/wp-content\/uploads\/2017\/04\/ricardo-alessandro.jpg","jetpack_shortlink":"https:\/\/wp.me\/p6RhLt-4CN","jetpack_sharing_enabled":true,"_links":{"self":[{"href":"https:\/\/eldiariodesanpedro.com.ar\/sitio\/wp-json\/wp\/v2\/posts\/17781","targetHints":{"allow":["GET"]}}],"collection":[{"href":"https:\/\/eldiariodesanpedro.com.ar\/sitio\/wp-json\/wp\/v2\/posts"}],"about":[{"href":"https:\/\/eldiariodesanpedro.com.ar\/sitio\/wp-json\/wp\/v2\/types\/post"}],"author":[{"embeddable":true,"href":"https:\/\/eldiariodesanpedro.com.ar\/sitio\/wp-json\/wp\/v2\/users\/4"}],"replies":[{"embeddable":true,"href":"https:\/\/eldiariodesanpedro.com.ar\/sitio\/wp-json\/wp\/v2\/comments?post=17781"}],"version-history":[{"count":1,"href":"https:\/\/eldiariodesanpedro.com.ar\/sitio\/wp-json\/wp\/v2\/posts\/17781\/revisions"}],"predecessor-version":[{"id":17784,"href":"https:\/\/eldiariodesanpedro.com.ar\/sitio\/wp-json\/wp\/v2\/posts\/17781\/revisions\/17784"}],"wp:featuredmedia":[{"embeddable":true,"href":"https:\/\/eldiariodesanpedro.com.ar\/sitio\/wp-json\/wp\/v2\/media\/17783"}],"wp:attachment":[{"href":"https:\/\/eldiariodesanpedro.com.ar\/sitio\/wp-json\/wp\/v2\/media?parent=17781"}],"wp:term":[{"taxonomy":"category","embeddable":true,"href":"https:\/\/eldiariodesanpedro.com.ar\/sitio\/wp-json\/wp\/v2\/categories?post=17781"},{"taxonomy":"post_tag","embeddable":true,"href":"https:\/\/eldiariodesanpedro.com.ar\/sitio\/wp-json\/wp\/v2\/tags?post=17781"}],"curies":[{"name":"wp","href":"https:\/\/api.w.org\/{rel}","templated":true}]}}