{"id":17778,"date":"2017-04-24T18:55:30","date_gmt":"2017-04-24T21:55:30","guid":{"rendered":"https:\/\/eldiariodesanpedro.com.ar\/sitio\/?p=17778"},"modified":"2017-04-24T18:55:30","modified_gmt":"2017-04-24T21:55:30","slug":"tras-los-despidos-advierten-que-baradero-puede-convertirse-en-un-pueblo-fantasma","status":"publish","type":"post","link":"https:\/\/eldiariodesanpedro.com.ar\/sitio\/tras-los-despidos-advierten-que-baradero-puede-convertirse-en-un-pueblo-fantasma\/","title":{"rendered":"TRAS LOS DESPIDOS: Advierten que Baradero puede convertirse en un pueblo fantasma"},"content":{"rendered":"<p><!-- VideographyWP Plugin Message: Automatic video embedding prevented by plugin options. --><br \/>\nTrabajadores despedidos de ATANOR, representantes sindicales, legisladores provinciales y el defensor del pueblo de la provincia de Buenos Aires, Guido Lorenzino, analizaron la preocupante situaci\u00f3n en torno al empleo en el distrito de Baradero, tras el cierre de Atanor.<\/p>\n<p>En ese marco, el secretario General del Sindicato Qu\u00edmico, Norberto Lubo, advirti\u00f3 que \u201cel problema no es s\u00f3lo en esta industria. Est\u00e1 en peligro el trabajo de toda la ciudad. Si seguimos en este camino, Baradero puede convertirse en un pueblo fantasma\u201d.<\/p>\n<p>\u201cCon el cierre de Atanor unas doscientas familias de trabajadores directos e indirectos quedan sin ingresos; al tiempo que dejan de ingresar once millones de pesos por mes en una ciudad de 35.000 habitantes\u201d, a\u00f1adi\u00f3 el representante sindical.<\/p>\n<p>En la oportunidad, se acompa\u00f1\u00f3 el proyecto de ley del diputado provincial, Marcelo Torres, que declara al predio de la f\u00e1brica en Baradero como Monumento Hist\u00f3rico Provincial incorpor\u00e1ndola al Patrimonio Cultural bonaerense, ya que existe la preocupaci\u00f3n de los trabajadores de que el mismo sea utilizado como negocio inmobiliario.<\/p>\n<p>De la conferencia de prensa tambi\u00e9n participaron los diputados Gustavo Di Marzio, del Bloque Peronismo Para la Victoria- FPV; Daniel Monfasani del Frente Renovador; la Senadora Cecilia Comerio; Oscar Casco, Secretario Gremial del Sindicato Qu\u00edmico de Z\u00e1rate, Carlos Felipon, Delegado de Personal de Atanor de la Planta Baradero. (Grupo La Provincia)<\/p>\n","protected":false},"excerpt":{"rendered":"<p>Trabajadores despedidos de ATANOR, representantes sindicales, legisladores provinciales y el defensor del pueblo de la provincia de Buenos Aires, Guido Lorenzino, analizaron la preocupante situaci\u00f3n en torno al empleo en el distrito de Baradero, tras el cierre de Atanor. En ese marco, el secretario General del Sindicato Qu\u00edmico, Norberto Lubo, advirti\u00f3 que \u201cel problema no [&hellip;]<\/p>\n","protected":false},"author":4,"featured_media":17780,"comment_status":"open","ping_status":"closed","sticky":false,"template":"","format":"standard","meta":{"om_disable_all_campaigns":false,"_jetpack_memberships_contains_paid_content":false,"footnotes":""},"categories":[621],"tags":[],"class_list":["post-17778","post","type-post","status-publish","format-standard","has-post-thumbnail","hentry","category-regionales"],"aioseo_notices":[],"gutentor_comment":0,"jetpack_featured_media_url":"https:\/\/eldiariodesanpedro.com.ar\/sitio\/wp-content\/uploads\/2017\/04\/secretario-General-del-Sindicato-Qu\u00edmico-Norberto-Lubo-1.jpg","jetpack_shortlink":"https:\/\/wp.me\/p6RhLt-4CK","jetpack_sharing_enabled":true,"_links":{"self":[{"href":"https:\/\/eldiariodesanpedro.com.ar\/sitio\/wp-json\/wp\/v2\/posts\/17778","targetHints":{"allow":["GET"]}}],"collection":[{"href":"https:\/\/eldiariodesanpedro.com.ar\/sitio\/wp-json\/wp\/v2\/posts"}],"about":[{"href":"https:\/\/eldiariodesanpedro.com.ar\/sitio\/wp-json\/wp\/v2\/types\/post"}],"author":[{"embeddable":true,"href":"https:\/\/eldiariodesanpedro.com.ar\/sitio\/wp-json\/wp\/v2\/users\/4"}],"replies":[{"embeddable":true,"href":"https:\/\/eldiariodesanpedro.com.ar\/sitio\/wp-json\/wp\/v2\/comments?post=17778"}],"version-history":[{"count":1,"href":"https:\/\/eldiariodesanpedro.com.ar\/sitio\/wp-json\/wp\/v2\/posts\/17778\/revisions"}],"predecessor-version":[{"id":17782,"href":"https:\/\/eldiariodesanpedro.com.ar\/sitio\/wp-json\/wp\/v2\/posts\/17778\/revisions\/17782"}],"wp:featuredmedia":[{"embeddable":true,"href":"https:\/\/eldiariodesanpedro.com.ar\/sitio\/wp-json\/wp\/v2\/media\/17780"}],"wp:attachment":[{"href":"https:\/\/eldiariodesanpedro.com.ar\/sitio\/wp-json\/wp\/v2\/media?parent=17778"}],"wp:term":[{"taxonomy":"category","embeddable":true,"href":"https:\/\/eldiariodesanpedro.com.ar\/sitio\/wp-json\/wp\/v2\/categories?post=17778"},{"taxonomy":"post_tag","embeddable":true,"href":"https:\/\/eldiariodesanpedro.com.ar\/sitio\/wp-json\/wp\/v2\/tags?post=17778"}],"curies":[{"name":"wp","href":"https:\/\/api.w.org\/{rel}","templated":true}]}}