{"id":17769,"date":"2017-04-24T18:44:12","date_gmt":"2017-04-24T21:44:12","guid":{"rendered":"https:\/\/eldiariodesanpedro.com.ar\/sitio\/?p=17769"},"modified":"2017-04-24T18:44:12","modified_gmt":"2017-04-24T21:44:12","slug":"acercarte-15-mil-personas-disfrutaron-karina-y-los-nocheros-en-carmen-de-areco","status":"publish","type":"post","link":"https:\/\/eldiariodesanpedro.com.ar\/sitio\/acercarte-15-mil-personas-disfrutaron-karina-y-los-nocheros-en-carmen-de-areco\/","title":{"rendered":"ACERCARTE: 15 mil personas disfrutaron Karina y Los Nocheros en Carmen de Areco"},"content":{"rendered":"<p><!-- VideographyWP Plugin Message: Automatic video embedding prevented by plugin options. --><br \/>\nLa propuesta del Gobierno de la Provincia de Buenos Aires, con Karina y Los Nocheros, convoc\u00f3 a unas 15.000 personas en la Plaza Independencia de Carmen de Areco este s\u00e1bado y domingo.<\/p>\n<p>\u201cLa Princesita\u201d Karina y Los Nocheros fueron el cierre musical, en el D\u00eda Internacional del Libro, Milo Lockett se destac\u00f3 con su intervenci\u00f3n art\u00edstica que se extendi\u00f3 durante toda la tarde en la Biblioteca, donde tambi\u00e9n se present\u00f3 el actor Gonzalo Heredia, que se convirti\u00f3 en otra de las principales atracciones de la jornada.<\/p>\n<p>AcercArte es una propuesta cultural estatal del Gobierno de la Provincia de Buenos Aires, que ya lleg\u00f3 a 62 ciudades, y recorrer\u00e1 los 135 municipios de la Provincia, para que todos los bonaerenses tengan la posibilidad de disfrutar cultura de excelencia de manera gratuita, durante todo el a\u00f1o, cerca de sus casas.<\/p>\n<p>\u201cPara nosotros es un gran desaf\u00edo llevar a cabo un programa de esta magnitud, que acerca  cultura de excelencia, en distintas disciplinas, a los bonaerenses. Trabajando en equipo con los municipios e incluyendo artistas provinciales. El acceso a la cultura siempre posibilita el desarrollo de mejores personas y sociedades\u201d, subray\u00f3 Alejandro G\u00f3mez, Ministro de Gesti\u00f3n Cultural de la Provincia de Buenos Aires.<\/p>\n<p>Arte callejero, una biblioteca m\u00f3vil con libros a disposici\u00f3n; talleres de reutilizaci\u00f3n creativa para todas las edades; artes pl\u00e1sticas; espect\u00e1culos infantiles; conexi\u00f3n con la biblioteca digital; un cine m\u00f3vil; bandas en vivo y teatro son algunas de las propuestas que acerca el programa provincial, con entrada libre y gratuita. (Arrecifes Noticias)<\/p>\n","protected":false},"excerpt":{"rendered":"<p>La propuesta del Gobierno de la Provincia de Buenos Aires, con Karina y Los Nocheros, convoc\u00f3 a unas 15.000 personas en la Plaza Independencia de Carmen de Areco este s\u00e1bado y domingo. \u201cLa Princesita\u201d Karina y Los Nocheros fueron el cierre musical, en el D\u00eda Internacional del Libro, Milo Lockett se destac\u00f3 con su intervenci\u00f3n [&hellip;]<\/p>\n","protected":false},"author":4,"featured_media":17770,"comment_status":"open","ping_status":"closed","sticky":false,"template":"","format":"standard","meta":{"om_disable_all_campaigns":false,"_jetpack_memberships_contains_paid_content":false,"footnotes":""},"categories":[621],"tags":[],"class_list":["post-17769","post","type-post","status-publish","format-standard","has-post-thumbnail","hentry","category-regionales"],"aioseo_notices":[],"gutentor_comment":0,"jetpack_featured_media_url":"https:\/\/eldiariodesanpedro.com.ar\/sitio\/wp-content\/uploads\/2017\/04\/La-actuaci\u00f3n-de-la-Princesita.jpg","jetpack_shortlink":"https:\/\/wp.me\/p6RhLt-4CB","jetpack_sharing_enabled":true,"_links":{"self":[{"href":"https:\/\/eldiariodesanpedro.com.ar\/sitio\/wp-json\/wp\/v2\/posts\/17769","targetHints":{"allow":["GET"]}}],"collection":[{"href":"https:\/\/eldiariodesanpedro.com.ar\/sitio\/wp-json\/wp\/v2\/posts"}],"about":[{"href":"https:\/\/eldiariodesanpedro.com.ar\/sitio\/wp-json\/wp\/v2\/types\/post"}],"author":[{"embeddable":true,"href":"https:\/\/eldiariodesanpedro.com.ar\/sitio\/wp-json\/wp\/v2\/users\/4"}],"replies":[{"embeddable":true,"href":"https:\/\/eldiariodesanpedro.com.ar\/sitio\/wp-json\/wp\/v2\/comments?post=17769"}],"version-history":[{"count":1,"href":"https:\/\/eldiariodesanpedro.com.ar\/sitio\/wp-json\/wp\/v2\/posts\/17769\/revisions"}],"predecessor-version":[{"id":17771,"href":"https:\/\/eldiariodesanpedro.com.ar\/sitio\/wp-json\/wp\/v2\/posts\/17769\/revisions\/17771"}],"wp:featuredmedia":[{"embeddable":true,"href":"https:\/\/eldiariodesanpedro.com.ar\/sitio\/wp-json\/wp\/v2\/media\/17770"}],"wp:attachment":[{"href":"https:\/\/eldiariodesanpedro.com.ar\/sitio\/wp-json\/wp\/v2\/media?parent=17769"}],"wp:term":[{"taxonomy":"category","embeddable":true,"href":"https:\/\/eldiariodesanpedro.com.ar\/sitio\/wp-json\/wp\/v2\/categories?post=17769"},{"taxonomy":"post_tag","embeddable":true,"href":"https:\/\/eldiariodesanpedro.com.ar\/sitio\/wp-json\/wp\/v2\/tags?post=17769"}],"curies":[{"name":"wp","href":"https:\/\/api.w.org\/{rel}","templated":true}]}}