{"id":17765,"date":"2017-04-24T18:54:10","date_gmt":"2017-04-24T21:54:10","guid":{"rendered":"https:\/\/eldiariodesanpedro.com.ar\/sitio\/?p=17765"},"modified":"2017-04-24T18:54:10","modified_gmt":"2017-04-24T21:54:10","slug":"cambiemos-presenta-la-mesa-local","status":"publish","type":"post","link":"https:\/\/eldiariodesanpedro.com.ar\/sitio\/cambiemos-presenta-la-mesa-local\/","title":{"rendered":"\u201cCambiemos\u201d presenta la Mesa Local"},"content":{"rendered":"<p><!-- VideographyWP Plugin Message: Automatic video embedding prevented by plugin options. --><br \/>\nAutoridades de la UCR y el PRO se reunieron con el Intendente Salazar (Partido FE) el pasado mi\u00e9rcoles. Del encuentro participaron Sergio Rosa (PRO), Mart\u00edn Pando (Presidente de la UCR), Enzo Gravino y el Intendente Salazar.<\/p>\n<p>\u201cAyer estuvimos en reuni\u00f3n con el Intendente y con el sector del PRO\u201d dijo Enzo Gravino, vicepresidente de la UCR, a trav\u00e9s de \u201cEl C\u00edrculo\u201d por \u201cLa Radio 92.3\u201d.<\/p>\n<p>\u201cEstuvimos reunidos para delinear lo que va a ser la presentaci\u00f3n de la Mesa que ya est\u00e1 conformada\u201d. Si bien sostuvo que a\u00fan no se ha confirmado la fecha, fuentes confirmaron que el evento tendr\u00eda lugar el pr\u00f3ximo 6 de Mayo.<\/p>\n<p>\u201cDesde las tres patas (PRO, Partido Fe y UCR) principales que tiene Cambiemos en San Pedro se va a convocar a todas las fuerzas pol\u00edticas a que participen de la presentaci\u00f3n. Obviamente con la conducci\u00f3n del Intendente Salazar, que es quien lidera el espacio en San Pedro\u201d, dijo Gravino en torno de la pol\u00e9mica que tuvo lugar tiempo atr\u00e1s cuando representantes del ARI y Uni\u00f3n por la Libertad.<\/p>\n<p>En cuanto a las conformaci\u00f3n de las listas de candidatos, sostuvo: \u201cSer\u00e1 pr\u00f3ximo tema a tratar porque queda un poco m\u00e1s de dos meses para definir lo que es las listas. Todav\u00eda no se est\u00e1 hablando de nombres pero hay otras prioridades para trabajar dentro de la mesa\u201d.<\/p>\n","protected":false},"excerpt":{"rendered":"<p>Autoridades de la UCR y el PRO se reunieron con el Intendente Salazar (Partido FE) el pasado mi\u00e9rcoles. Del encuentro participaron Sergio Rosa (PRO), Mart\u00edn Pando (Presidente de la UCR), Enzo Gravino y el Intendente Salazar. \u201cAyer estuvimos en reuni\u00f3n con el Intendente y con el sector del PRO\u201d dijo Enzo Gravino, vicepresidente de la [&hellip;]<\/p>\n","protected":false},"author":4,"featured_media":17777,"comment_status":"open","ping_status":"closed","sticky":false,"template":"","format":"standard","meta":{"om_disable_all_campaigns":false,"_jetpack_memberships_contains_paid_content":false,"footnotes":""},"categories":[2,102],"tags":[],"class_list":["post-17765","post","type-post","status-publish","format-standard","has-post-thumbnail","hentry","category-locales","category-politica-locales"],"aioseo_notices":[],"gutentor_comment":0,"jetpack_featured_media_url":"https:\/\/eldiariodesanpedro.com.ar\/sitio\/wp-content\/uploads\/2017\/04\/UCR-PRO-FE.jpeg","jetpack_shortlink":"https:\/\/wp.me\/p6RhLt-4Cx","jetpack_sharing_enabled":true,"_links":{"self":[{"href":"https:\/\/eldiariodesanpedro.com.ar\/sitio\/wp-json\/wp\/v2\/posts\/17765","targetHints":{"allow":["GET"]}}],"collection":[{"href":"https:\/\/eldiariodesanpedro.com.ar\/sitio\/wp-json\/wp\/v2\/posts"}],"about":[{"href":"https:\/\/eldiariodesanpedro.com.ar\/sitio\/wp-json\/wp\/v2\/types\/post"}],"author":[{"embeddable":true,"href":"https:\/\/eldiariodesanpedro.com.ar\/sitio\/wp-json\/wp\/v2\/users\/4"}],"replies":[{"embeddable":true,"href":"https:\/\/eldiariodesanpedro.com.ar\/sitio\/wp-json\/wp\/v2\/comments?post=17765"}],"version-history":[{"count":1,"href":"https:\/\/eldiariodesanpedro.com.ar\/sitio\/wp-json\/wp\/v2\/posts\/17765\/revisions"}],"predecessor-version":[{"id":17779,"href":"https:\/\/eldiariodesanpedro.com.ar\/sitio\/wp-json\/wp\/v2\/posts\/17765\/revisions\/17779"}],"wp:featuredmedia":[{"embeddable":true,"href":"https:\/\/eldiariodesanpedro.com.ar\/sitio\/wp-json\/wp\/v2\/media\/17777"}],"wp:attachment":[{"href":"https:\/\/eldiariodesanpedro.com.ar\/sitio\/wp-json\/wp\/v2\/media?parent=17765"}],"wp:term":[{"taxonomy":"category","embeddable":true,"href":"https:\/\/eldiariodesanpedro.com.ar\/sitio\/wp-json\/wp\/v2\/categories?post=17765"},{"taxonomy":"post_tag","embeddable":true,"href":"https:\/\/eldiariodesanpedro.com.ar\/sitio\/wp-json\/wp\/v2\/tags?post=17765"}],"curies":[{"name":"wp","href":"https:\/\/api.w.org\/{rel}","templated":true}]}}