{"id":17762,"date":"2017-04-24T18:35:05","date_gmt":"2017-04-24T21:35:05","guid":{"rendered":"https:\/\/eldiariodesanpedro.com.ar\/sitio\/?p=17762"},"modified":"2017-04-24T18:59:51","modified_gmt":"2017-04-24T21:59:51","slug":"avanza-la-instalacion-de-las-nuevas-27-camaras-de-seguridad","status":"publish","type":"post","link":"https:\/\/eldiariodesanpedro.com.ar\/sitio\/avanza-la-instalacion-de-las-nuevas-27-camaras-de-seguridad\/","title":{"rendered":"Avanza la instalaci\u00f3n de las nuevas 27 c\u00e1maras de seguridad"},"content":{"rendered":"<p><!-- VideographyWP Plugin Message: Automatic video embedding prevented by plugin options. --><br \/>\nLa empresa Cablevisi\u00f3n Fibertel Corp se encuentra trabajando para ampliar la cantidad de c\u00e1maras para monitorear las calles de nuestra ciudad.<\/p>\n<p>\u201cSe estableci\u00f3 un plazo legal de 90 d\u00edas, desde la Direcci\u00f3n de Modernizaci\u00f3n estamos acompa\u00f1ando esa implementaci\u00f3n a trav\u00e9s de un seguimiento con la gerencia de proyectos de Fibercorp\u201d. Ya se instalaron en diversos puntos asignados los gabinetes y la Cooperativa El\u00e9ctrica ya se encarg\u00f3 de hacer la energizaci\u00f3n de esos puntos\u201d, dijo Hern\u00e1n Contreras.<\/p>\n<p>\u201cEl paso siguiente es que una empresa contratista, por parte de la adjudicada, se encargue de los que es el tendido de fibra \u00f3ptica\u201d explic\u00f3 el funcionario.<\/p>\n<p>\u201cTodas las c\u00e1maras que est\u00e9n en el \u00e9jido urbano, van a estar comunicadas por fibra \u00f3ptica para garantizar el funcionamiento del servicio y las c\u00e1maras que est\u00e1n un poco m\u00e1s distantes de lo que es el radio urbano por enlace inal\u00e1mbricos\u201d, dijo a su vez.<\/p>\n<p>En tanto que se\u00f1al\u00f3: \u201cPreviamente exist\u00edan 16 puntos, se agregan 27 por lo tanto van a ser 43 en total y algunos puntos tienen m\u00e1s de una c\u00e1mara por lo que llegar\u00edamos a unas 50\u201d. Adem\u00e1s manifest\u00f3 que \u201calgunos puntos preexistentes est\u00e1n siendo acondicionados por alg\u00fan hecho puntual de vandalismo o por alguna tormenta\u201d. \u201cEn el caso que hubo que reemplazar se incluy\u00f3 dentro del pliego, fuera de lo que fue la licitaci\u00f3n no hubo ninguna erogaci\u00f3n\u201d.<\/p>\n","protected":false},"excerpt":{"rendered":"<p>La empresa Cablevisi\u00f3n Fibertel Corp se encuentra trabajando para ampliar la cantidad de c\u00e1maras para monitorear las calles de nuestra ciudad. \u201cSe estableci\u00f3 un plazo legal de 90 d\u00edas, desde la Direcci\u00f3n de Modernizaci\u00f3n estamos acompa\u00f1ando esa implementaci\u00f3n a trav\u00e9s de un seguimiento con la gerencia de proyectos de Fibercorp\u201d. Ya se instalaron en diversos [&hellip;]<\/p>\n","protected":false},"author":4,"featured_media":17785,"comment_status":"open","ping_status":"closed","sticky":false,"template":"","format":"standard","meta":{"om_disable_all_campaigns":false,"_jetpack_memberships_contains_paid_content":false,"footnotes":""},"categories":[101,2],"tags":[],"class_list":["post-17762","post","type-post","status-publish","format-standard","has-post-thumbnail","hentry","category-interes-general-locales","category-locales"],"aioseo_notices":[],"gutentor_comment":0,"jetpack_featured_media_url":"https:\/\/eldiariodesanpedro.com.ar\/sitio\/wp-content\/uploads\/2017\/04\/instalacion-camaras.jpg","jetpack_shortlink":"https:\/\/wp.me\/p6RhLt-4Cu","jetpack_sharing_enabled":true,"_links":{"self":[{"href":"https:\/\/eldiariodesanpedro.com.ar\/sitio\/wp-json\/wp\/v2\/posts\/17762","targetHints":{"allow":["GET"]}}],"collection":[{"href":"https:\/\/eldiariodesanpedro.com.ar\/sitio\/wp-json\/wp\/v2\/posts"}],"about":[{"href":"https:\/\/eldiariodesanpedro.com.ar\/sitio\/wp-json\/wp\/v2\/types\/post"}],"author":[{"embeddable":true,"href":"https:\/\/eldiariodesanpedro.com.ar\/sitio\/wp-json\/wp\/v2\/users\/4"}],"replies":[{"embeddable":true,"href":"https:\/\/eldiariodesanpedro.com.ar\/sitio\/wp-json\/wp\/v2\/comments?post=17762"}],"version-history":[{"count":1,"href":"https:\/\/eldiariodesanpedro.com.ar\/sitio\/wp-json\/wp\/v2\/posts\/17762\/revisions"}],"predecessor-version":[{"id":17764,"href":"https:\/\/eldiariodesanpedro.com.ar\/sitio\/wp-json\/wp\/v2\/posts\/17762\/revisions\/17764"}],"wp:featuredmedia":[{"embeddable":true,"href":"https:\/\/eldiariodesanpedro.com.ar\/sitio\/wp-json\/wp\/v2\/media\/17785"}],"wp:attachment":[{"href":"https:\/\/eldiariodesanpedro.com.ar\/sitio\/wp-json\/wp\/v2\/media?parent=17762"}],"wp:term":[{"taxonomy":"category","embeddable":true,"href":"https:\/\/eldiariodesanpedro.com.ar\/sitio\/wp-json\/wp\/v2\/categories?post=17762"},{"taxonomy":"post_tag","embeddable":true,"href":"https:\/\/eldiariodesanpedro.com.ar\/sitio\/wp-json\/wp\/v2\/tags?post=17762"}],"curies":[{"name":"wp","href":"https:\/\/api.w.org\/{rel}","templated":true}]}}