{"id":17760,"date":"2017-04-24T18:32:12","date_gmt":"2017-04-24T21:32:12","guid":{"rendered":"https:\/\/eldiariodesanpedro.com.ar\/sitio\/?p=17760"},"modified":"2017-04-24T18:32:12","modified_gmt":"2017-04-24T21:32:12","slug":"claro-instalara-nuevas-antenas-para-ampliar-su-cobertura-4g-en-san-pedro","status":"publish","type":"post","link":"https:\/\/eldiariodesanpedro.com.ar\/sitio\/claro-instalara-nuevas-antenas-para-ampliar-su-cobertura-4g-en-san-pedro\/","title":{"rendered":"Claro instalar\u00e1 nuevas antenas para ampliar su cobertura 4G en San Pedro"},"content":{"rendered":"<p><!-- VideographyWP Plugin Message: Automatic video embedding prevented by plugin options. --><br \/>\nLa firma Claro pretende instalar nuevas antenas en la ciudad y para que el servicio sea \u00f3ptimo necesita que las antenas est\u00e9n en altura. Es por ello que buscan llegar a los diferentes consorcios de edificios de la ciudad.<\/p>\n<p>Sobre ello, el Director de Modernizaci\u00f3n de la Municipalidad de San Pedro, Hern\u00e1n Contreras, cont\u00f3: \u201cSe acerc\u00f3 al Municipio un representante de la empresa Claro\u201d porque \u201ctienen la intenci\u00f3n de ampliar su cobertura geogr\u00e1fica para el servicio de 4G\u201d.<\/p>\n<p>Al tiempo que sostuvo: \u201cColaboramos para que lleguen a la Comisi\u00f3n de Servicios P\u00fablicos la Municipalidad de San Pedro\u201d y atrav\u00e9s de ellos \u201cque se pueda convocar a los distintos consorcios de edificios y otros puntos elevados que son aptos para esta solicitud de la empresa\u201d.<\/p>\n","protected":false},"excerpt":{"rendered":"<p>La firma Claro pretende instalar nuevas antenas en la ciudad y para que el servicio sea \u00f3ptimo necesita que las antenas est\u00e9n en altura. Es por ello que buscan llegar a los diferentes consorcios de edificios de la ciudad. Sobre ello, el Director de Modernizaci\u00f3n de la Municipalidad de San Pedro, Hern\u00e1n Contreras, cont\u00f3: \u201cSe [&hellip;]<\/p>\n","protected":false},"author":4,"featured_media":17761,"comment_status":"open","ping_status":"closed","sticky":false,"template":"","format":"standard","meta":{"om_disable_all_campaigns":false,"_jetpack_memberships_contains_paid_content":false,"footnotes":""},"categories":[101,2],"tags":[],"class_list":["post-17760","post","type-post","status-publish","format-standard","has-post-thumbnail","hentry","category-interes-general-locales","category-locales"],"aioseo_notices":[],"gutentor_comment":0,"jetpack_featured_media_url":"https:\/\/eldiariodesanpedro.com.ar\/sitio\/wp-content\/uploads\/2017\/04\/antena-4g.jpg","jetpack_shortlink":"https:\/\/wp.me\/p6RhLt-4Cs","jetpack_sharing_enabled":true,"_links":{"self":[{"href":"https:\/\/eldiariodesanpedro.com.ar\/sitio\/wp-json\/wp\/v2\/posts\/17760","targetHints":{"allow":["GET"]}}],"collection":[{"href":"https:\/\/eldiariodesanpedro.com.ar\/sitio\/wp-json\/wp\/v2\/posts"}],"about":[{"href":"https:\/\/eldiariodesanpedro.com.ar\/sitio\/wp-json\/wp\/v2\/types\/post"}],"author":[{"embeddable":true,"href":"https:\/\/eldiariodesanpedro.com.ar\/sitio\/wp-json\/wp\/v2\/users\/4"}],"replies":[{"embeddable":true,"href":"https:\/\/eldiariodesanpedro.com.ar\/sitio\/wp-json\/wp\/v2\/comments?post=17760"}],"version-history":[{"count":1,"href":"https:\/\/eldiariodesanpedro.com.ar\/sitio\/wp-json\/wp\/v2\/posts\/17760\/revisions"}],"predecessor-version":[{"id":17763,"href":"https:\/\/eldiariodesanpedro.com.ar\/sitio\/wp-json\/wp\/v2\/posts\/17760\/revisions\/17763"}],"wp:featuredmedia":[{"embeddable":true,"href":"https:\/\/eldiariodesanpedro.com.ar\/sitio\/wp-json\/wp\/v2\/media\/17761"}],"wp:attachment":[{"href":"https:\/\/eldiariodesanpedro.com.ar\/sitio\/wp-json\/wp\/v2\/media?parent=17760"}],"wp:term":[{"taxonomy":"category","embeddable":true,"href":"https:\/\/eldiariodesanpedro.com.ar\/sitio\/wp-json\/wp\/v2\/categories?post=17760"},{"taxonomy":"post_tag","embeddable":true,"href":"https:\/\/eldiariodesanpedro.com.ar\/sitio\/wp-json\/wp\/v2\/tags?post=17760"}],"curies":[{"name":"wp","href":"https:\/\/api.w.org\/{rel}","templated":true}]}}