{"id":17757,"date":"2017-04-24T18:25:51","date_gmt":"2017-04-24T21:25:51","guid":{"rendered":"https:\/\/eldiariodesanpedro.com.ar\/sitio\/?p=17757"},"modified":"2017-04-24T18:25:51","modified_gmt":"2017-04-24T21:25:51","slug":"escribania-general-de-gobierno-dicta-capacitacion-en-el-salon-dorado-2","status":"publish","type":"post","link":"https:\/\/eldiariodesanpedro.com.ar\/sitio\/escribania-general-de-gobierno-dicta-capacitacion-en-el-salon-dorado-2\/","title":{"rendered":"Escriban\u00eda General de Gobierno dicta capacitaci\u00f3n en el Sal\u00f3n Dorado"},"content":{"rendered":"<p><!-- VideographyWP Plugin Message: Automatic video embedding prevented by plugin options. --><br \/>\nSer\u00e1 el pr\u00f3ximo mi\u00e9rcoles 26 de abril, a las 9.00, en el Sal\u00f3n Dorado de la Municipalidad. El taller organizado por el gobierno local y la Escriban\u00eda General de Gobierno ser\u00e1 brindado por el Escribano Augusto Mari\u00f1o Galasso y estar\u00e1 dirigido a todos los empleados municipales, funcionarios, representantes del HCD y especialmente a todas aquellas personas que tengan relaci\u00f3n con los tr\u00e1mites de escrituraci\u00f3n.<\/p>\n<p>Galasso expondr\u00e1 sobre las diferentes operatorias existentes, las que permiten a los ciudadanos acceder a su t\u00edtulo de propiedad en forma sencilla y gratuita. Tambi\u00e9n brindar\u00e1 detalles de la ley 11.622 y la 24.320, instrumentos jur\u00eddicos que permiten la adquisici\u00f3n de bienes por parte del Municipio.<\/p>\n<p>El estado es el \u00f3rgano estatal primario a los que recurre la comunidad para informarse e iniciar el proceso de escrituraci\u00f3n. Por esto es que consideramos de vital importancia capacitar al personal municipal y brindarle las herramientas necesarias para fortalecer el proceso de escrituraci\u00f3n social que lleva adelante cada municipio y as\u00ed evitar errores comunes.<\/p>\n","protected":false},"excerpt":{"rendered":"<p>Ser\u00e1 el pr\u00f3ximo mi\u00e9rcoles 26 de abril, a las 9.00, en el Sal\u00f3n Dorado de la Municipalidad. El taller organizado por el gobierno local y la Escriban\u00eda General de Gobierno ser\u00e1 brindado por el Escribano Augusto Mari\u00f1o Galasso y estar\u00e1 dirigido a todos los empleados municipales, funcionarios, representantes del HCD y especialmente a todas aquellas [&hellip;]<\/p>\n","protected":false},"author":4,"featured_media":265,"comment_status":"open","ping_status":"closed","sticky":false,"template":"","format":"standard","meta":{"om_disable_all_campaigns":false,"_jetpack_memberships_contains_paid_content":false,"footnotes":""},"categories":[2,102],"tags":[],"class_list":["post-17757","post","type-post","status-publish","format-standard","has-post-thumbnail","hentry","category-locales","category-politica-locales"],"aioseo_notices":[],"gutentor_comment":0,"jetpack_featured_media_url":"https:\/\/eldiariodesanpedro.com.ar\/sitio\/wp-content\/uploads\/2015\/11\/Municipalidad-11.jpg","jetpack_shortlink":"https:\/\/wp.me\/p6RhLt-4Cp","jetpack_sharing_enabled":true,"_links":{"self":[{"href":"https:\/\/eldiariodesanpedro.com.ar\/sitio\/wp-json\/wp\/v2\/posts\/17757","targetHints":{"allow":["GET"]}}],"collection":[{"href":"https:\/\/eldiariodesanpedro.com.ar\/sitio\/wp-json\/wp\/v2\/posts"}],"about":[{"href":"https:\/\/eldiariodesanpedro.com.ar\/sitio\/wp-json\/wp\/v2\/types\/post"}],"author":[{"embeddable":true,"href":"https:\/\/eldiariodesanpedro.com.ar\/sitio\/wp-json\/wp\/v2\/users\/4"}],"replies":[{"embeddable":true,"href":"https:\/\/eldiariodesanpedro.com.ar\/sitio\/wp-json\/wp\/v2\/comments?post=17757"}],"version-history":[{"count":1,"href":"https:\/\/eldiariodesanpedro.com.ar\/sitio\/wp-json\/wp\/v2\/posts\/17757\/revisions"}],"predecessor-version":[{"id":17759,"href":"https:\/\/eldiariodesanpedro.com.ar\/sitio\/wp-json\/wp\/v2\/posts\/17757\/revisions\/17759"}],"wp:featuredmedia":[{"embeddable":true,"href":"https:\/\/eldiariodesanpedro.com.ar\/sitio\/wp-json\/wp\/v2\/media\/265"}],"wp:attachment":[{"href":"https:\/\/eldiariodesanpedro.com.ar\/sitio\/wp-json\/wp\/v2\/media?parent=17757"}],"wp:term":[{"taxonomy":"category","embeddable":true,"href":"https:\/\/eldiariodesanpedro.com.ar\/sitio\/wp-json\/wp\/v2\/categories?post=17757"},{"taxonomy":"post_tag","embeddable":true,"href":"https:\/\/eldiariodesanpedro.com.ar\/sitio\/wp-json\/wp\/v2\/tags?post=17757"}],"curies":[{"name":"wp","href":"https:\/\/api.w.org\/{rel}","templated":true}]}}