{"id":17754,"date":"2017-04-24T18:17:23","date_gmt":"2017-04-24T21:17:23","guid":{"rendered":"https:\/\/eldiariodesanpedro.com.ar\/sitio\/?p=17754"},"modified":"2017-04-24T18:17:23","modified_gmt":"2017-04-24T21:17:23","slug":"en-san-pedro-y-castro-comenzaron-las-actividadsz-en-el-marco-de-la-semana-de-las-americas","status":"publish","type":"post","link":"https:\/\/eldiariodesanpedro.com.ar\/sitio\/en-san-pedro-y-castro-comenzaron-las-actividadsz-en-el-marco-de-la-semana-de-las-americas\/","title":{"rendered":"EN SAN PEDRO Y CASTRO: Comenzaron las actividadsz en el marco de la Semana de las Am\u00e9ricas"},"content":{"rendered":"<p><!-- VideographyWP Plugin Message: Automatic video embedding prevented by plugin options. --><br \/>\nHasta el 28 de abril, el Hospital 26 de Julio de Gobernador Castro, la Delegaci\u00f3n Municipal y el Grupo Envi\u00f3n de la Localidad cumplir\u00e1n con una serie de actividades enmarcados en las jornadas que denominaron: \u201cVacunate y celebremos un futuro saludable\u201d.<\/p>\n<p>Completar\u00e1n esquemas de vacunaci\u00f3n, asesorar\u00e1n sobre la prevenci\u00f3n de diferentes enfermedades e invitar\u00e1n a los vecinos a participar de juegos recreativos.<\/p>\n<p>El cronograma indica que desde las 16.30 estar\u00e1n hoy lunes 24 en la plaza del barrio Centenario; martes 25 en el barrio el Progreso; mi\u00e9rcoles 26 en la Delegaci\u00f3n Municipal; jueves 27 frente a la radio de la localidad. El cierre est\u00e1 previsto para el viernes 28 en la Plaza San Mart\u00edn.<\/p>\n<p>La Secretar\u00eda de Salud tambi\u00e9n completar\u00e1 calendarios de vacunaci\u00f3n en San Pedro, de 8.00 a 17.00 estar\u00e1n este lunes en la Plaza Belgrano; el martes en al Constituci\u00f3n y el mi\u00e9rcoles y jueves en la cl\u00ednica San Pedro. <\/p>\n","protected":false},"excerpt":{"rendered":"<p>Hasta el 28 de abril, el Hospital 26 de Julio de Gobernador Castro, la Delegaci\u00f3n Municipal y el Grupo Envi\u00f3n de la Localidad cumplir\u00e1n con una serie de actividades enmarcados en las jornadas que denominaron: \u201cVacunate y celebremos un futuro saludable\u201d. Completar\u00e1n esquemas de vacunaci\u00f3n, asesorar\u00e1n sobre la prevenci\u00f3n de diferentes enfermedades e invitar\u00e1n a [&hellip;]<\/p>\n","protected":false},"author":4,"featured_media":17756,"comment_status":"open","ping_status":"closed","sticky":false,"template":"","format":"standard","meta":{"om_disable_all_campaigns":false,"_jetpack_memberships_contains_paid_content":false,"footnotes":""},"categories":[101,2],"tags":[],"class_list":["post-17754","post","type-post","status-publish","format-standard","has-post-thumbnail","hentry","category-interes-general-locales","category-locales"],"aioseo_notices":[],"gutentor_comment":0,"jetpack_featured_media_url":"https:\/\/eldiariodesanpedro.com.ar\/sitio\/wp-content\/uploads\/2017\/04\/La-carpa-montada-en-la-Plaza-Constituci\u00f3n.jpg","jetpack_shortlink":"https:\/\/wp.me\/p6RhLt-4Cm","jetpack_sharing_enabled":true,"_links":{"self":[{"href":"https:\/\/eldiariodesanpedro.com.ar\/sitio\/wp-json\/wp\/v2\/posts\/17754","targetHints":{"allow":["GET"]}}],"collection":[{"href":"https:\/\/eldiariodesanpedro.com.ar\/sitio\/wp-json\/wp\/v2\/posts"}],"about":[{"href":"https:\/\/eldiariodesanpedro.com.ar\/sitio\/wp-json\/wp\/v2\/types\/post"}],"author":[{"embeddable":true,"href":"https:\/\/eldiariodesanpedro.com.ar\/sitio\/wp-json\/wp\/v2\/users\/4"}],"replies":[{"embeddable":true,"href":"https:\/\/eldiariodesanpedro.com.ar\/sitio\/wp-json\/wp\/v2\/comments?post=17754"}],"version-history":[{"count":1,"href":"https:\/\/eldiariodesanpedro.com.ar\/sitio\/wp-json\/wp\/v2\/posts\/17754\/revisions"}],"predecessor-version":[{"id":17758,"href":"https:\/\/eldiariodesanpedro.com.ar\/sitio\/wp-json\/wp\/v2\/posts\/17754\/revisions\/17758"}],"wp:featuredmedia":[{"embeddable":true,"href":"https:\/\/eldiariodesanpedro.com.ar\/sitio\/wp-json\/wp\/v2\/media\/17756"}],"wp:attachment":[{"href":"https:\/\/eldiariodesanpedro.com.ar\/sitio\/wp-json\/wp\/v2\/media?parent=17754"}],"wp:term":[{"taxonomy":"category","embeddable":true,"href":"https:\/\/eldiariodesanpedro.com.ar\/sitio\/wp-json\/wp\/v2\/categories?post=17754"},{"taxonomy":"post_tag","embeddable":true,"href":"https:\/\/eldiariodesanpedro.com.ar\/sitio\/wp-json\/wp\/v2\/tags?post=17754"}],"curies":[{"name":"wp","href":"https:\/\/api.w.org\/{rel}","templated":true}]}}