{"id":17752,"date":"2017-04-24T18:16:01","date_gmt":"2017-04-24T21:16:01","guid":{"rendered":"https:\/\/eldiariodesanpedro.com.ar\/sitio\/?p=17752"},"modified":"2017-04-24T18:43:43","modified_gmt":"2017-04-24T21:43:43","slug":"abrio-cilento-una-nueva-recidencia-para-adultos-mayores","status":"publish","type":"post","link":"https:\/\/eldiariodesanpedro.com.ar\/sitio\/abrio-cilento-una-nueva-recidencia-para-adultos-mayores\/","title":{"rendered":"Abri\u00f3 Cilento, una nueva recidencia para adultos mayores"},"content":{"rendered":"<p><!-- VideographyWP Plugin Message: Automatic video embedding prevented by plugin options. --><br \/>\n\u201cHace seis meses que venimos trabajando en este lugar\u201d, sostuvo Sonia Torres, en la recorrida por \u201cCilento\u201d y agreg\u00f3: \u201cLa propiedad es de un empresario de la ciudad, iniciamos las tratativas y logramos alquilar este lugar por seis a\u00f1os con opci\u00f3n a 10 m\u00e1s\u201d.<\/p>\n<p>\u201cEmpezamos las obras que fueron muchas, se trabaj\u00f3 mucho en poner a punto este lugar\u201d que estuvo \u201ccasi 20 a\u00f1os cerrado y unos 5 a\u00f1os usurpado\u201d. Cabe recordar que all\u00ed funcion\u00f3 la cl\u00ednica Pellegrini hasta su quiebra.<\/p>\n<p>Explic\u00f3 adem\u00e1s que admitir\u00e1n por el momento a unas 16 personas y asever\u00f3 que se trata de una \u201cnueva modalidad, un concepto distinto a trabajar el adulto mayor como una individualidad\u201d.<\/p>\n<p>\u201cHay m\u00f3dulos que se pueden hacer de 4 u 8\u201d y \u201chay personas que pueden estar permanentemente\u201d.<\/p>\n<p>Se desempe\u00f1ar\u00e1n \u201cpsicologos, kinesiologos, nustricinstas, terapistas ocupacionales, auxiliares de enfermer\u00eda, m\u00e9dicos. el Dr. Bona va a estar a cargo de todo lo que es la direcci\u00f3n t\u00e9cnica del lugar y despu\u00e9s especialistas que atienden espec\u00edficamente a adultos mayores\u201d.<\/p>\n<p>Al tiempo que manifest\u00f3: \u201cVa a haber un consultorio que va a estar ofrecido a distintos especialistas por m\u00f3dulos\u201d. \u201cVa a ser amplio, para todos que deseen esa atenci\u00f3n\u201d.<\/p>\n<p>Por otro lado cont\u00f3 que tambi\u00e9n brindar\u00e1n un servicio para el traslado de personas. \u201cYa tenemos un m\u00f3vil adaptado para personas que tienen su movilidad disminuida o para personas que est\u00e1n en perfecto estado pero necesitan tomar un turno m\u00e9dico y los familiares a veces no pueden acompa\u00f1arlos\u201d.<\/p>\n","protected":false},"excerpt":{"rendered":"<p>\u201cHace seis meses que venimos trabajando en este lugar\u201d, sostuvo Sonia Torres, en la recorrida por \u201cCilento\u201d y agreg\u00f3: \u201cLa propiedad es de un empresario de la ciudad, iniciamos las tratativas y logramos alquilar este lugar por seis a\u00f1os con opci\u00f3n a 10 m\u00e1s\u201d. \u201cEmpezamos las obras que fueron muchas, se trabaj\u00f3 mucho en poner [&hellip;]<\/p>\n","protected":false},"author":4,"featured_media":17767,"comment_status":"open","ping_status":"closed","sticky":false,"template":"","format":"standard","meta":{"om_disable_all_campaigns":false,"_jetpack_memberships_contains_paid_content":false,"footnotes":""},"categories":[50,101,2],"tags":[],"class_list":["post-17752","post","type-post","status-publish","format-standard","has-post-thumbnail","hentry","category-destacadas","category-interes-general-locales","category-locales"],"aioseo_notices":[],"gutentor_comment":0,"jetpack_featured_media_url":"https:\/\/eldiariodesanpedro.com.ar\/sitio\/wp-content\/uploads\/2017\/04\/Cilento.jpg","jetpack_shortlink":"https:\/\/wp.me\/p6RhLt-4Ck","jetpack_sharing_enabled":true,"_links":{"self":[{"href":"https:\/\/eldiariodesanpedro.com.ar\/sitio\/wp-json\/wp\/v2\/posts\/17752","targetHints":{"allow":["GET"]}}],"collection":[{"href":"https:\/\/eldiariodesanpedro.com.ar\/sitio\/wp-json\/wp\/v2\/posts"}],"about":[{"href":"https:\/\/eldiariodesanpedro.com.ar\/sitio\/wp-json\/wp\/v2\/types\/post"}],"author":[{"embeddable":true,"href":"https:\/\/eldiariodesanpedro.com.ar\/sitio\/wp-json\/wp\/v2\/users\/4"}],"replies":[{"embeddable":true,"href":"https:\/\/eldiariodesanpedro.com.ar\/sitio\/wp-json\/wp\/v2\/comments?post=17752"}],"version-history":[{"count":3,"href":"https:\/\/eldiariodesanpedro.com.ar\/sitio\/wp-json\/wp\/v2\/posts\/17752\/revisions"}],"predecessor-version":[{"id":17768,"href":"https:\/\/eldiariodesanpedro.com.ar\/sitio\/wp-json\/wp\/v2\/posts\/17752\/revisions\/17768"}],"wp:featuredmedia":[{"embeddable":true,"href":"https:\/\/eldiariodesanpedro.com.ar\/sitio\/wp-json\/wp\/v2\/media\/17767"}],"wp:attachment":[{"href":"https:\/\/eldiariodesanpedro.com.ar\/sitio\/wp-json\/wp\/v2\/media?parent=17752"}],"wp:term":[{"taxonomy":"category","embeddable":true,"href":"https:\/\/eldiariodesanpedro.com.ar\/sitio\/wp-json\/wp\/v2\/categories?post=17752"},{"taxonomy":"post_tag","embeddable":true,"href":"https:\/\/eldiariodesanpedro.com.ar\/sitio\/wp-json\/wp\/v2\/tags?post=17752"}],"curies":[{"name":"wp","href":"https:\/\/api.w.org\/{rel}","templated":true}]}}