{"id":17750,"date":"2017-04-24T08:23:03","date_gmt":"2017-04-24T11:23:03","guid":{"rendered":"https:\/\/eldiariodesanpedro.com.ar\/sitio\/?p=17750"},"modified":"2017-04-24T08:23:03","modified_gmt":"2017-04-24T11:23:03","slug":"siniestro-sobre-la-ruta-191","status":"publish","type":"post","link":"https:\/\/eldiariodesanpedro.com.ar\/sitio\/siniestro-sobre-la-ruta-191\/","title":{"rendered":"Siniestro sobre la ruta 191"},"content":{"rendered":"<p><!-- VideographyWP Plugin Message: Automatic video embedding prevented by plugin options. --><br \/>\nEn la tarde del domingo se presento personal de la polic\u00eda del destacamento  de Santa Luc\u00eda en el kil\u00f3metro 31 de la ruta 191 en el cruce de de las v\u00edas se produjo un accidente entre una camioneta Renault Kangoo conducida por un hombre de 54 a\u00f1os de edad  y una motocicleta Mondial 150 cc la que era dirigida por un joven de 22 a\u00f1os. <\/p>\n<p>El joven que dirig\u00eda en la motocicleta sufri\u00f3 fue trasladado al nosocomio de nuestra ciudad donde se pudo constatar que sufri\u00f3 heridas leves. <\/p>\n","protected":false},"excerpt":{"rendered":"<p>En la tarde del domingo se presento personal de la polic\u00eda del destacamento de Santa Luc\u00eda en el kil\u00f3metro 31 de la ruta 191 en el cruce de de las v\u00edas se produjo un accidente entre una camioneta Renault Kangoo conducida por un hombre de 54 a\u00f1os de edad y una motocicleta Mondial 150 cc [&hellip;]<\/p>\n","protected":false},"author":4,"featured_media":13369,"comment_status":"open","ping_status":"closed","sticky":false,"template":"","format":"standard","meta":{"om_disable_all_campaigns":false,"_jetpack_memberships_contains_paid_content":false,"footnotes":""},"categories":[2,103],"tags":[],"class_list":["post-17750","post","type-post","status-publish","format-standard","has-post-thumbnail","hentry","category-locales","category-policiales-locales"],"aioseo_notices":[],"gutentor_comment":0,"jetpack_featured_media_url":"https:\/\/eldiariodesanpedro.com.ar\/sitio\/wp-content\/uploads\/2017\/01\/Patrulla-1-e1485285915195.jpg","jetpack_shortlink":"https:\/\/wp.me\/p6RhLt-4Ci","jetpack_sharing_enabled":true,"_links":{"self":[{"href":"https:\/\/eldiariodesanpedro.com.ar\/sitio\/wp-json\/wp\/v2\/posts\/17750","targetHints":{"allow":["GET"]}}],"collection":[{"href":"https:\/\/eldiariodesanpedro.com.ar\/sitio\/wp-json\/wp\/v2\/posts"}],"about":[{"href":"https:\/\/eldiariodesanpedro.com.ar\/sitio\/wp-json\/wp\/v2\/types\/post"}],"author":[{"embeddable":true,"href":"https:\/\/eldiariodesanpedro.com.ar\/sitio\/wp-json\/wp\/v2\/users\/4"}],"replies":[{"embeddable":true,"href":"https:\/\/eldiariodesanpedro.com.ar\/sitio\/wp-json\/wp\/v2\/comments?post=17750"}],"version-history":[{"count":1,"href":"https:\/\/eldiariodesanpedro.com.ar\/sitio\/wp-json\/wp\/v2\/posts\/17750\/revisions"}],"predecessor-version":[{"id":17751,"href":"https:\/\/eldiariodesanpedro.com.ar\/sitio\/wp-json\/wp\/v2\/posts\/17750\/revisions\/17751"}],"wp:featuredmedia":[{"embeddable":true,"href":"https:\/\/eldiariodesanpedro.com.ar\/sitio\/wp-json\/wp\/v2\/media\/13369"}],"wp:attachment":[{"href":"https:\/\/eldiariodesanpedro.com.ar\/sitio\/wp-json\/wp\/v2\/media?parent=17750"}],"wp:term":[{"taxonomy":"category","embeddable":true,"href":"https:\/\/eldiariodesanpedro.com.ar\/sitio\/wp-json\/wp\/v2\/categories?post=17750"},{"taxonomy":"post_tag","embeddable":true,"href":"https:\/\/eldiariodesanpedro.com.ar\/sitio\/wp-json\/wp\/v2\/tags?post=17750"}],"curies":[{"name":"wp","href":"https:\/\/api.w.org\/{rel}","templated":true}]}}