{"id":17748,"date":"2017-04-24T08:08:25","date_gmt":"2017-04-24T11:08:25","guid":{"rendered":"https:\/\/eldiariodesanpedro.com.ar\/sitio\/?p=17748"},"modified":"2017-04-24T08:08:25","modified_gmt":"2017-04-24T11:08:25","slug":"dos-personas-aprehendidas-por-provocar-disturbios","status":"publish","type":"post","link":"https:\/\/eldiariodesanpedro.com.ar\/sitio\/dos-personas-aprehendidas-por-provocar-disturbios\/","title":{"rendered":"Dos personas aprehendidas por provocar disturbios"},"content":{"rendered":"<p><!-- VideographyWP Plugin Message: Automatic video embedding prevented by plugin options. --><br \/>\nEste domingo personal de la polic\u00eda local en la intersecci\u00f3n de las calle Liniers y avenida 11 de septiembre identifico a dos hombres uno de 28 a\u00f1os de edad y el otro de 27.<\/p>\n<p>Estos sujetos se encontraban en estado de ebriedad provocando disturbios en la v\u00eda p\u00fablica. Al momento de realizar el cacheo se le pudo encontrar a uno de ellos un cuchillo tipo carnicero. <\/p>\n<p>Y al llevar a cabo la averiguaci\u00f3n de datos se pudo constatar que el segundo presentaba pedido de paradero activo. Siendo los dos trasladados a la comisar\u00eda local en condici\u00f3n de aprehendidos. <\/p>\n","protected":false},"excerpt":{"rendered":"<p>Este domingo personal de la polic\u00eda local en la intersecci\u00f3n de las calle Liniers y avenida 11 de septiembre identifico a dos hombres uno de 28 a\u00f1os de edad y el otro de 27. Estos sujetos se encontraban en estado de ebriedad provocando disturbios en la v\u00eda p\u00fablica. Al momento de realizar el cacheo se [&hellip;]<\/p>\n","protected":false},"author":4,"featured_media":2518,"comment_status":"open","ping_status":"closed","sticky":false,"template":"","format":"standard","meta":{"om_disable_all_campaigns":false,"_jetpack_memberships_contains_paid_content":false,"footnotes":""},"categories":[2,103],"tags":[],"class_list":["post-17748","post","type-post","status-publish","format-standard","has-post-thumbnail","hentry","category-locales","category-policiales-locales"],"aioseo_notices":[],"gutentor_comment":0,"jetpack_featured_media_url":"https:\/\/eldiariodesanpedro.com.ar\/sitio\/wp-content\/uploads\/2016\/03\/detenidos.jpg","jetpack_shortlink":"https:\/\/wp.me\/p6RhLt-4Cg","jetpack_sharing_enabled":true,"_links":{"self":[{"href":"https:\/\/eldiariodesanpedro.com.ar\/sitio\/wp-json\/wp\/v2\/posts\/17748","targetHints":{"allow":["GET"]}}],"collection":[{"href":"https:\/\/eldiariodesanpedro.com.ar\/sitio\/wp-json\/wp\/v2\/posts"}],"about":[{"href":"https:\/\/eldiariodesanpedro.com.ar\/sitio\/wp-json\/wp\/v2\/types\/post"}],"author":[{"embeddable":true,"href":"https:\/\/eldiariodesanpedro.com.ar\/sitio\/wp-json\/wp\/v2\/users\/4"}],"replies":[{"embeddable":true,"href":"https:\/\/eldiariodesanpedro.com.ar\/sitio\/wp-json\/wp\/v2\/comments?post=17748"}],"version-history":[{"count":1,"href":"https:\/\/eldiariodesanpedro.com.ar\/sitio\/wp-json\/wp\/v2\/posts\/17748\/revisions"}],"predecessor-version":[{"id":17749,"href":"https:\/\/eldiariodesanpedro.com.ar\/sitio\/wp-json\/wp\/v2\/posts\/17748\/revisions\/17749"}],"wp:featuredmedia":[{"embeddable":true,"href":"https:\/\/eldiariodesanpedro.com.ar\/sitio\/wp-json\/wp\/v2\/media\/2518"}],"wp:attachment":[{"href":"https:\/\/eldiariodesanpedro.com.ar\/sitio\/wp-json\/wp\/v2\/media?parent=17748"}],"wp:term":[{"taxonomy":"category","embeddable":true,"href":"https:\/\/eldiariodesanpedro.com.ar\/sitio\/wp-json\/wp\/v2\/categories?post=17748"},{"taxonomy":"post_tag","embeddable":true,"href":"https:\/\/eldiariodesanpedro.com.ar\/sitio\/wp-json\/wp\/v2\/tags?post=17748"}],"curies":[{"name":"wp","href":"https:\/\/api.w.org\/{rel}","templated":true}]}}