{"id":17742,"date":"2017-04-23T20:41:27","date_gmt":"2017-04-23T23:41:27","guid":{"rendered":"https:\/\/eldiariodesanpedro.com.ar\/sitio\/?p=17742"},"modified":"2026-01-24T00:26:29","modified_gmt":"2026-01-24T03:26:29","slug":"en-america-homenaje-a-horacio-velo","status":"publish","type":"post","link":"https:\/\/eldiariodesanpedro.com.ar\/sitio\/en-america-homenaje-a-horacio-velo\/","title":{"rendered":"EN AM\u00c9RICA:  Homenaje a Horacio Velo"},"content":{"rendered":"<p><!-- VideographyWP Plugin Message: Automatic video embedding prevented by plugin options. --><br \/>\n  En cada ciudad habr\u00e1 personajes que est\u00e1n muy metidos en la piel del pueblo, cada disciplina tendr\u00e1 un nombre que es sin\u00f3nimo de deporte, emparentar un nombre con una actividad. Aqu\u00ed en San Pedro como en cada lugar tenemos nombres que con s\u00f3lo decirlos m\u00e1s de una generaci\u00f3n los reconocer\u00eda. <\/p>\n<p>  En este caso, debe haber m\u00e1s de uno que jug\u00f3 a su lado y cuyos hijos y\/o nietos fueron dirigidos tambi\u00e9n por \u00e9l. <\/p>\n<p>  No fue tarea sencilla, para lograr todo este recorrido ha tenido que destinar su vida al f\u00fatbol, con \u00e9pocas de esplendor tanto como jugador o como director t\u00e9cnico, en cada una supo del \u00e9xito. <\/p>\n<p>  Este s\u00e1bado previo a la jornada de f\u00fatbol infantil, el Presidente del Club Sportivo Am\u00e9rica Sergio Bargues, junto a integrantes de la sub Comisi\u00f3n le entregaron un presente a Horacio \u201cpinocho\u201d Velo, formador de infantiles en el f\u00fatbol y la vida. Merecido por cierto.  <\/p>\n","protected":false},"excerpt":{"rendered":"<p>En cada ciudad habr\u00e1 personajes que est\u00e1n muy metidos en la piel del pueblo, cada disciplina tendr\u00e1 un nombre que es sin\u00f3nimo de deporte, emparentar un nombre con una actividad. Aqu\u00ed en San Pedro como en cada lugar tenemos nombres que con s\u00f3lo decirlos m\u00e1s de una generaci\u00f3n los reconocer\u00eda. En este caso, debe haber [&hellip;]<\/p>\n","protected":false},"author":4,"featured_media":17744,"comment_status":"open","ping_status":"closed","sticky":false,"template":"","format":"standard","meta":{"om_disable_all_campaigns":false,"_jetpack_memberships_contains_paid_content":false,"footnotes":""},"categories":[5],"tags":[],"class_list":["post-17742","post","type-post","status-publish","format-standard","has-post-thumbnail","hentry","category-deportes"],"aioseo_notices":[],"gutentor_comment":0,"jetpack_featured_media_url":"https:\/\/eldiariodesanpedro.com.ar\/sitio\/wp-content\/uploads\/2017\/04\/Velo-junto-a-la-sub-Comisi\u00f3n-de-Sportivo-Am\u00e9rica.jpg","jetpack_shortlink":"https:\/\/wp.me\/p6RhLt-4Ca","jetpack_sharing_enabled":true,"_links":{"self":[{"href":"https:\/\/eldiariodesanpedro.com.ar\/sitio\/wp-json\/wp\/v2\/posts\/17742","targetHints":{"allow":["GET"]}}],"collection":[{"href":"https:\/\/eldiariodesanpedro.com.ar\/sitio\/wp-json\/wp\/v2\/posts"}],"about":[{"href":"https:\/\/eldiariodesanpedro.com.ar\/sitio\/wp-json\/wp\/v2\/types\/post"}],"author":[{"embeddable":true,"href":"https:\/\/eldiariodesanpedro.com.ar\/sitio\/wp-json\/wp\/v2\/users\/4"}],"replies":[{"embeddable":true,"href":"https:\/\/eldiariodesanpedro.com.ar\/sitio\/wp-json\/wp\/v2\/comments?post=17742"}],"version-history":[{"count":1,"href":"https:\/\/eldiariodesanpedro.com.ar\/sitio\/wp-json\/wp\/v2\/posts\/17742\/revisions"}],"predecessor-version":[{"id":17745,"href":"https:\/\/eldiariodesanpedro.com.ar\/sitio\/wp-json\/wp\/v2\/posts\/17742\/revisions\/17745"}],"wp:featuredmedia":[{"embeddable":true,"href":"https:\/\/eldiariodesanpedro.com.ar\/sitio\/wp-json\/wp\/v2\/media\/17744"}],"wp:attachment":[{"href":"https:\/\/eldiariodesanpedro.com.ar\/sitio\/wp-json\/wp\/v2\/media?parent=17742"}],"wp:term":[{"taxonomy":"category","embeddable":true,"href":"https:\/\/eldiariodesanpedro.com.ar\/sitio\/wp-json\/wp\/v2\/categories?post=17742"},{"taxonomy":"post_tag","embeddable":true,"href":"https:\/\/eldiariodesanpedro.com.ar\/sitio\/wp-json\/wp\/v2\/tags?post=17742"}],"curies":[{"name":"wp","href":"https:\/\/api.w.org\/{rel}","templated":true}]}}