{"id":17739,"date":"2017-04-23T20:40:03","date_gmt":"2017-04-23T23:40:03","guid":{"rendered":"https:\/\/eldiariodesanpedro.com.ar\/sitio\/?p=17739"},"modified":"2026-01-24T00:26:30","modified_gmt":"2026-01-24T03:26:30","slug":"ciclismo-agustin-basualdo-es-imparable-en-el-panoramico-de-san-pedro","status":"publish","type":"post","link":"https:\/\/eldiariodesanpedro.com.ar\/sitio\/ciclismo-agustin-basualdo-es-imparable-en-el-panoramico-de-san-pedro\/","title":{"rendered":"CICLISMO: Agust\u00edn Basualdo es imparable en el Panor\u00e1mico de San Pedro"},"content":{"rendered":"<p><!-- VideographyWP Plugin Message: Automatic video embedding prevented by plugin options. --><br \/>\n  Con clima desapacible en la zona, nublado, fresco y amenazante, con algunos toques de llovizna, se disputo el s\u00e1bado en el atractivo Circuito Panor\u00e1mico del Oeste una nueva fecha organizada por Pro Ciclismo San Pedro y donde Agust\u00edn Basualdo, familiarizado con el podio, puso, ah\u00ed sobre la raya luego de mantener una escapada junto a 10 ciclistas, el golpe de gracia y festejar la victoria en la competencia principal; Ganaron tambi\u00e9n: Mauricio Beretta, Roberto G\u00f3mez (Capilla del Se\u00f1or), Carlos Villa (Derqui), Jorge Gallo (Pergamino), Jos\u00e9 R. Paz (San Pedro) y estas fueron las clasificaciones de todas las categor\u00edas:<\/p>\n<p> <strong> Pe\u00f1a ciclistas sampedrinos<\/strong><br \/>\n1\u00b0 Mauricio Beretta<br \/>\n2\u00b0 Mario Fabrizio<br \/>\n3\u00b0 Claudio Rodr\u00edguez<br \/>\n4\u00b0 Juan Maceli<br \/>\n5\u00b0 Guillermo Muraca<\/p>\n<p>  <strong>Master \u00abD\u00bb<\/strong><br \/>\n1\u00b0 Roberto G\u00f3mez (Capilla del Se\u00f1or)<br \/>\n2\u00b0 Jorge Cannata (San Pedro)<br \/>\n3\u00b0 Rub\u00e9n Morales (San Pedro)<br \/>\n4\u00b0 Oscar Artigues (San Pedro)<br \/>\n5\u00b0 Juan Carol (San Antonio de Areco)<\/p>\n<p>  <strong>Menores<\/strong><br \/>\n1\u00b0 Carlos Villa (Derqui)<br \/>\n2\u00b0 Jorge \u201cGalgo\u201d Torrens (San Pedro)<br \/>\n3\u00b0 Alan Gentileza (Z\u00e1rate)<br \/>\n4\u00b0 Lautaro Chipolini (San Pedro)<br \/>\n5\u00b0 Brian carro (San Pedro)<\/p>\n<p>  <strong>Master \u00abC\u00bb y Mayores<\/strong><br \/>\n1\u00b0 Jorge Gallo (Pergamino)<br \/>\n2\u00b0 Rub\u00e9n \u201cPillo\u201d Gonz\u00e1lez (Z\u00e1rate)<br \/>\n3\u00b0 N\u00e9stor \u201cChicho\u201d Varela (Arrecifes)<br \/>\n4\u00b0 Jorge Cogliati (Rosario)<br \/>\n5\u00b0 Daniel Boaglio (San Pedro)<br \/>\nGanador Sprint especial: Jorge Gallo (Pergamino)<\/p>\n<p>  <strong>Master \u00abB\u00bb<\/strong><br \/>\n1\u00b0 Jos\u00e9 Ram\u00f3n Paz (San Pedro)<br \/>\n2\u00b0 Mario Garibaldi (San Pedro)<br \/>\n3\u00b0 Cristian Basualdo (San Pedro)<\/p>\n<p>  <strong>Promocionales y Master \u00abA\u00bb<\/strong><br \/>\n1\u00b0 Agust\u00edn Basualdo (San Pedro)<br \/>\n2\u00b0 Germ\u00e1n Broggi (Chacabuco)<br \/>\n3\u00b0 Juan Pablo Villarruel (San Pedro)<br \/>\n4\u00b0 Fernando Corval\u00e1n (San Pedro)<br \/>\n5\u00b0 Mariano Bianchi (Capit\u00e1n Sarmiento)<\/p>\n<p>  <strong>Ganadores Sprint<\/strong><br \/>\nCristian Monz\u00f3n (San Pedro) &#8211; Federico Raboso (Salto)- Javier Azurmendi (Capilla del Se\u00f1or) &#8211; Federico Ojeda (Pergamino) &#8211; Agust\u00edn Basualdo (San Pedro) &#8211; Edgardo Berasaluce (Colon) &#8211; Rub\u00e9n Mallada (Z\u00e1rate) y \u00abPremio Lenitivo\u00bb a Adri\u00e1n Haesler (San Nicol\u00e1s)<\/p>\n<p><strong>Categor\u00edas Infantiles:<\/strong><br \/>\nParticiparon: Pablo Guerra &#8211; Patricio Sierra &#8211; Kevin Guerra &#8211; Mauro Banegas &#8211; Gonzalo Paz &#8211; Fantino Giuliani &#8211; Miguel Azurmendi &#8211; Justin Giuliani &#8211; Laureano Cardoso &#8211; Renata Paz &#8211; Mateo Mendoza &#8211; Ana Mendoza &#8211; Emilio Morales<\/p>\n","protected":false},"excerpt":{"rendered":"<p>Con clima desapacible en la zona, nublado, fresco y amenazante, con algunos toques de llovizna, se disputo el s\u00e1bado en el atractivo Circuito Panor\u00e1mico del Oeste una nueva fecha organizada por Pro Ciclismo San Pedro y donde Agust\u00edn Basualdo, familiarizado con el podio, puso, ah\u00ed sobre la raya luego de mantener una escapada junto a [&hellip;]<\/p>\n","protected":false},"author":4,"featured_media":17741,"comment_status":"open","ping_status":"closed","sticky":false,"template":"","format":"standard","meta":{"om_disable_all_campaigns":false,"_jetpack_memberships_contains_paid_content":false,"footnotes":""},"categories":[5],"tags":[],"class_list":["post-17739","post","type-post","status-publish","format-standard","has-post-thumbnail","hentry","category-deportes"],"aioseo_notices":[],"gutentor_comment":0,"jetpack_featured_media_url":"https:\/\/eldiariodesanpedro.com.ar\/sitio\/wp-content\/uploads\/2017\/04\/Otra-carrera-con-gran-cantidad-de-ciclistas-a-pesar-del-clima.jpg","jetpack_shortlink":"https:\/\/wp.me\/p6RhLt-4C7","jetpack_sharing_enabled":true,"_links":{"self":[{"href":"https:\/\/eldiariodesanpedro.com.ar\/sitio\/wp-json\/wp\/v2\/posts\/17739","targetHints":{"allow":["GET"]}}],"collection":[{"href":"https:\/\/eldiariodesanpedro.com.ar\/sitio\/wp-json\/wp\/v2\/posts"}],"about":[{"href":"https:\/\/eldiariodesanpedro.com.ar\/sitio\/wp-json\/wp\/v2\/types\/post"}],"author":[{"embeddable":true,"href":"https:\/\/eldiariodesanpedro.com.ar\/sitio\/wp-json\/wp\/v2\/users\/4"}],"replies":[{"embeddable":true,"href":"https:\/\/eldiariodesanpedro.com.ar\/sitio\/wp-json\/wp\/v2\/comments?post=17739"}],"version-history":[{"count":1,"href":"https:\/\/eldiariodesanpedro.com.ar\/sitio\/wp-json\/wp\/v2\/posts\/17739\/revisions"}],"predecessor-version":[{"id":17743,"href":"https:\/\/eldiariodesanpedro.com.ar\/sitio\/wp-json\/wp\/v2\/posts\/17739\/revisions\/17743"}],"wp:featuredmedia":[{"embeddable":true,"href":"https:\/\/eldiariodesanpedro.com.ar\/sitio\/wp-json\/wp\/v2\/media\/17741"}],"wp:attachment":[{"href":"https:\/\/eldiariodesanpedro.com.ar\/sitio\/wp-json\/wp\/v2\/media?parent=17739"}],"wp:term":[{"taxonomy":"category","embeddable":true,"href":"https:\/\/eldiariodesanpedro.com.ar\/sitio\/wp-json\/wp\/v2\/categories?post=17739"},{"taxonomy":"post_tag","embeddable":true,"href":"https:\/\/eldiariodesanpedro.com.ar\/sitio\/wp-json\/wp\/v2\/tags?post=17739"}],"curies":[{"name":"wp","href":"https:\/\/api.w.org\/{rel}","templated":true}]}}