{"id":17729,"date":"2017-04-23T19:16:02","date_gmt":"2017-04-23T22:16:02","guid":{"rendered":"https:\/\/eldiariodesanpedro.com.ar\/sitio\/?p=17729"},"modified":"2017-04-23T19:22:03","modified_gmt":"2017-04-23T22:22:03","slug":"el-museo-paleontologico-fue-reconocido-por-la-fundacion-museo-de-la-plata","status":"publish","type":"post","link":"https:\/\/eldiariodesanpedro.com.ar\/sitio\/el-museo-paleontologico-fue-reconocido-por-la-fundacion-museo-de-la-plata\/","title":{"rendered":"El Museo Paleontol\u00f3gico fue reconocido por la Fundaci\u00f3n Museo de La Plata"},"content":{"rendered":"<p><!-- VideographyWP Plugin Message: Automatic video embedding prevented by plugin options. --><br \/>\n  El pasado jueves 20 de abril, la Fundaci\u00f3n Museo de La Plata \u201cFrancisco Pascasio Moreno\u201d otorg\u00f3 una serie de reconocimientos a instituciones y personas de nuestro pa\u00eds cuya tarea de los \u00faltimos a\u00f1os ha sido relevante para el avance y divulgaci\u00f3n de las Ciencias Naturales en Argentina.<\/p>\n<p>  El acto oficial, en el marco del 30\u00ba Aniversario de creaci\u00f3n de la Fundaci\u00f3n se llev\u00f3 a cabo en el Sal\u00f3n Auditorio del Colegio de Abogados de la ciudad de La Plata, y fue presidido por la Directora del Museo Dra. Silvia Ametrano y el Presidente de la Fundaci\u00f3n Dr. Pedro Elbaum.<\/p>\n<p>  Las entidades destacadas fueron dos museos, personal del Museo de La Plata, dos escuelas, un parque nacional, una fundaci\u00f3n, dos artistas pl\u00e1sticos, dos periodistas, un canal de televisi\u00f3n y una revista.<\/p>\n<p>  Se entreg\u00f3, adem\u00e1s, el Premio \u201cLahille\u201d al Dr. Ricardo Bastida por su vasta trayectoria y su tarea en la transferencia de conocimientos a la comunidad.<\/p>\n<p>  El reconocimiento al Museo de San Pedro fue por su intensa labor en la recuperaci\u00f3n de material paleontol\u00f3gico y su esfuerzo en la difusi\u00f3n de las Ciencias Naturales, hechos que han posicionado a la ciudad en el mapa paleontol\u00f3gico de Argentina.<br \/>\n  El Museo Paleontol\u00f3gico recibi\u00f3 su reconocimiento junto a entidades, instituciones y personas muy relevantes vinculadas a la difusi\u00f3n de las ciencias:<\/p>\n<p>*Museo Bernasconi (Ciencias Naturales)<br \/>\nIntegrantes del Museo de San Pedro junto al Presidente de la Fundaci\u00f3n Museo de La Plata, Dr. Pedro Elbaum<br \/>\n*Escuela N\u00ba5 \u201cJuana Manso\u201d-San Miguel (Difusi\u00f3n de las \u00e1reas rurales)<br \/>\n*Escuela EIB N\u00ba905 Pje. \u201cEl Soberbio\u201d-Misiones (Difusi\u00f3n de las \u00e1reas rurales)<br \/>\n*Parque Nacional Nahuel Huapi (Resguardo restos F. Pascasio Moreno)<br \/>\n*Fundaci\u00f3n Patagonia Natural (Ciencias Naturales)<br \/>\n* Mar\u00eda C. Estivar\u00edz (Ilustraci\u00f3n cient\u00edfica)<br \/>\n*Aldo Chiappe (Ilustraci\u00f3n cient\u00edfica)<br \/>\n*Laura Rocha (Periodismo cient\u00edfico)<br \/>\n*Valeria Rom\u00e1n (Periodismo cient\u00edfico)<br \/>\n*Canal Encuentro (Difusi\u00f3n de las Ciencias Naturales)<br \/>\n*Revista \u201cMuy Interesante\u201d (Difusi\u00f3n de las Ciencias Naturales)<\/p>\n<p>  El Grupo Conservacionista de F\u00f3siles, equipo del Museo Paleontol\u00f3gico de San Pedro, desea expresar su profundo agradecimiento a las autoridades de la Fundaci\u00f3n Museo de La Plata \u201cFrancisco Pascasio Moreno\u201d y a la Directora de dicho Museo, por este important\u00edsimo aval institucional a la tarea desarrollada en San Pedro.<\/p>\n","protected":false},"excerpt":{"rendered":"<p>El pasado jueves 20 de abril, la Fundaci\u00f3n Museo de La Plata \u201cFrancisco Pascasio Moreno\u201d otorg\u00f3 una serie de reconocimientos a instituciones y personas de nuestro pa\u00eds cuya tarea de los \u00faltimos a\u00f1os ha sido relevante para el avance y divulgaci\u00f3n de las Ciencias Naturales en Argentina. El acto oficial, en el marco del 30\u00ba [&hellip;]<\/p>\n","protected":false},"author":4,"featured_media":17733,"comment_status":"open","ping_status":"closed","sticky":false,"template":"","format":"standard","meta":{"om_disable_all_campaigns":false,"_jetpack_memberships_contains_paid_content":false,"footnotes":""},"categories":[101,2],"tags":[],"class_list":["post-17729","post","type-post","status-publish","format-standard","has-post-thumbnail","hentry","category-interes-general-locales","category-locales"],"aioseo_notices":[],"gutentor_comment":0,"jetpack_featured_media_url":"https:\/\/eldiariodesanpedro.com.ar\/sitio\/wp-content\/uploads\/2017\/04\/PAGINA-4-1.jpg","jetpack_shortlink":"https:\/\/wp.me\/p6RhLt-4BX","jetpack_sharing_enabled":true,"_links":{"self":[{"href":"https:\/\/eldiariodesanpedro.com.ar\/sitio\/wp-json\/wp\/v2\/posts\/17729","targetHints":{"allow":["GET"]}}],"collection":[{"href":"https:\/\/eldiariodesanpedro.com.ar\/sitio\/wp-json\/wp\/v2\/posts"}],"about":[{"href":"https:\/\/eldiariodesanpedro.com.ar\/sitio\/wp-json\/wp\/v2\/types\/post"}],"author":[{"embeddable":true,"href":"https:\/\/eldiariodesanpedro.com.ar\/sitio\/wp-json\/wp\/v2\/users\/4"}],"replies":[{"embeddable":true,"href":"https:\/\/eldiariodesanpedro.com.ar\/sitio\/wp-json\/wp\/v2\/comments?post=17729"}],"version-history":[{"count":1,"href":"https:\/\/eldiariodesanpedro.com.ar\/sitio\/wp-json\/wp\/v2\/posts\/17729\/revisions"}],"predecessor-version":[{"id":17732,"href":"https:\/\/eldiariodesanpedro.com.ar\/sitio\/wp-json\/wp\/v2\/posts\/17729\/revisions\/17732"}],"wp:featuredmedia":[{"embeddable":true,"href":"https:\/\/eldiariodesanpedro.com.ar\/sitio\/wp-json\/wp\/v2\/media\/17733"}],"wp:attachment":[{"href":"https:\/\/eldiariodesanpedro.com.ar\/sitio\/wp-json\/wp\/v2\/media?parent=17729"}],"wp:term":[{"taxonomy":"category","embeddable":true,"href":"https:\/\/eldiariodesanpedro.com.ar\/sitio\/wp-json\/wp\/v2\/categories?post=17729"},{"taxonomy":"post_tag","embeddable":true,"href":"https:\/\/eldiariodesanpedro.com.ar\/sitio\/wp-json\/wp\/v2\/tags?post=17729"}],"curies":[{"name":"wp","href":"https:\/\/api.w.org\/{rel}","templated":true}]}}