{"id":17723,"date":"2017-04-23T18:58:37","date_gmt":"2017-04-23T21:58:37","guid":{"rendered":"https:\/\/eldiariodesanpedro.com.ar\/sitio\/?p=17723"},"modified":"2017-04-23T18:58:37","modified_gmt":"2017-04-23T21:58:37","slug":"campana-se-inauguro-el-centro-medico-de-smg","status":"publish","type":"post","link":"https:\/\/eldiariodesanpedro.com.ar\/sitio\/campana-se-inauguro-el-centro-medico-de-smg\/","title":{"rendered":"CAMPANA: Se inaugur\u00f3 el Centro M\u00e9dico de SMG"},"content":{"rendered":"<p><!-- VideographyWP Plugin Message: Automatic video embedding prevented by plugin options. --><br \/>\n  Como estaba previsto, qued\u00f3 inaugurado el centro de atenci\u00f3n m\u00e9dica de Swiss Medical Group en la ciudad vecina de Campana. Al mismo podr\u00e1 asistir cualquier persona de Z\u00e1rate y del pa\u00eds en general que est\u00e9 afiliado a la prepaga.<\/p>\n<p>  El evento se llev\u00f3 a cabo de manera organizada, con la proyecci\u00f3n de un video, las palabras del Presidente de SMG Claudio Belocopitt y una recorrida por las instalaciones.<\/p>\n<p>  El lugar cuenta con unos 12 consultorios de atenci\u00f3n ambulatoria, 3 de ART y 6 odontol\u00f3gicos. Adem\u00e1s de los servicios de ecograf\u00eda, laboratorio de an\u00e1lisis cl\u00ednicos, radiolog\u00eda general y odontol\u00f3gica, resonancia magn\u00e9tica nuclear y tomograf\u00eda, entre otros.<\/p>\n<p>  La inversi\u00f3n realizada en este proyecto que ya es una realidad, ronda los 150 millones de pesos.<\/p>\n<p>  Claudio Belocopitt manifest\u00f3: \u201cEs un gusto para nosotros estar presentes aqu\u00ed despu\u00e9s de todo el esfuerzo hecho para llevar a cabo esta obra\u201d. (http:\/\/www.zaratealerta.com.ar)<\/p>\n","protected":false},"excerpt":{"rendered":"<p>Como estaba previsto, qued\u00f3 inaugurado el centro de atenci\u00f3n m\u00e9dica de Swiss Medical Group en la ciudad vecina de Campana. Al mismo podr\u00e1 asistir cualquier persona de Z\u00e1rate y del pa\u00eds en general que est\u00e9 afiliado a la prepaga. El evento se llev\u00f3 a cabo de manera organizada, con la proyecci\u00f3n de un video, las [&hellip;]<\/p>\n","protected":false},"author":4,"featured_media":17726,"comment_status":"open","ping_status":"closed","sticky":false,"template":"","format":"standard","meta":{"om_disable_all_campaigns":false,"_jetpack_memberships_contains_paid_content":false,"footnotes":""},"categories":[621],"tags":[],"class_list":["post-17723","post","type-post","status-publish","format-standard","has-post-thumbnail","hentry","category-regionales"],"aioseo_notices":[],"gutentor_comment":0,"jetpack_featured_media_url":"https:\/\/eldiariodesanpedro.com.ar\/sitio\/wp-content\/uploads\/2017\/04\/cmpana-Centro-M\u00e9dico-de-SMG.jpg","jetpack_shortlink":"https:\/\/wp.me\/p6RhLt-4BR","jetpack_sharing_enabled":true,"_links":{"self":[{"href":"https:\/\/eldiariodesanpedro.com.ar\/sitio\/wp-json\/wp\/v2\/posts\/17723","targetHints":{"allow":["GET"]}}],"collection":[{"href":"https:\/\/eldiariodesanpedro.com.ar\/sitio\/wp-json\/wp\/v2\/posts"}],"about":[{"href":"https:\/\/eldiariodesanpedro.com.ar\/sitio\/wp-json\/wp\/v2\/types\/post"}],"author":[{"embeddable":true,"href":"https:\/\/eldiariodesanpedro.com.ar\/sitio\/wp-json\/wp\/v2\/users\/4"}],"replies":[{"embeddable":true,"href":"https:\/\/eldiariodesanpedro.com.ar\/sitio\/wp-json\/wp\/v2\/comments?post=17723"}],"version-history":[{"count":1,"href":"https:\/\/eldiariodesanpedro.com.ar\/sitio\/wp-json\/wp\/v2\/posts\/17723\/revisions"}],"predecessor-version":[{"id":17728,"href":"https:\/\/eldiariodesanpedro.com.ar\/sitio\/wp-json\/wp\/v2\/posts\/17723\/revisions\/17728"}],"wp:featuredmedia":[{"embeddable":true,"href":"https:\/\/eldiariodesanpedro.com.ar\/sitio\/wp-json\/wp\/v2\/media\/17726"}],"wp:attachment":[{"href":"https:\/\/eldiariodesanpedro.com.ar\/sitio\/wp-json\/wp\/v2\/media?parent=17723"}],"wp:term":[{"taxonomy":"category","embeddable":true,"href":"https:\/\/eldiariodesanpedro.com.ar\/sitio\/wp-json\/wp\/v2\/categories?post=17723"},{"taxonomy":"post_tag","embeddable":true,"href":"https:\/\/eldiariodesanpedro.com.ar\/sitio\/wp-json\/wp\/v2\/tags?post=17723"}],"curies":[{"name":"wp","href":"https:\/\/api.w.org\/{rel}","templated":true}]}}