{"id":17721,"date":"2017-04-23T18:57:43","date_gmt":"2017-04-23T21:57:43","guid":{"rendered":"https:\/\/eldiariodesanpedro.com.ar\/sitio\/?p=17721"},"modified":"2017-04-23T18:57:43","modified_gmt":"2017-04-23T21:57:43","slug":"arrecifes-se-construiran-un-micro-estadio-cubierto-y-una-pileta-climatizada","status":"publish","type":"post","link":"https:\/\/eldiariodesanpedro.com.ar\/sitio\/arrecifes-se-construiran-un-micro-estadio-cubierto-y-una-pileta-climatizada\/","title":{"rendered":"ARRECIFES: Se construir\u00e1n un micro-estadio cubierto y una pileta climatizada"},"content":{"rendered":"<p><!-- VideographyWP Plugin Message: Automatic video embedding prevented by plugin options. --><br \/>\n  El Intendente Javier Olaeta confirm\u00f3 la construcci\u00f3n del tan ansiado micro-estadio cubierto y de una pileta climatizada en el predio del Polideportivo General San Mart\u00edn.<\/p>\n<p>  Hace m\u00e1s de cinco a\u00f1os, en febrero de 2012, ya el entonces Intendente de Arrecifes Daniel Bolinaga, anunciaba gestiones por esta obra para nuestra ciudad. \u201cEsperemos poder comenzar la obra este a\u00f1o\u201d, dec\u00eda en ese momento Bolinaga reunido con ministros del ex gobernador Daniel Scioli. Lo del micro-estadio cubierto hace tiempo que lo venimos escuchando reiteradamente; pero como tantas otras cosas, nunca se hizo.<\/p>\n<p>  Cambi\u00f3 la gesti\u00f3n municipal en Arrecifes y la gesti\u00f3n en la Provincia de Buenos Aires y en el tema obras p\u00fablicas, parece que la cosa tambi\u00e9n cambi\u00f3 de verdad. <\/p>\n<p>  En la ma\u00f1ana de ayer, el Intendente Javier Olaeta confirm\u00f3 la construcci\u00f3n de la tan ansiada obra y de una pileta climatizada en el predio del Polideportivo General San Mart\u00edn. \u201cDisponemos de aproximadamente 7 millones de pesos para concretar ambos emprendimientos\u201d, se\u00f1al\u00f3 Olaeta. Y agreg\u00f3 que \u201cen dos a\u00f1os deben estar terminadas\u201d.<\/p>\n<p>  El Intendente realiz\u00f3 el anuncio en conferencia de prensa ofrecida en su despacho, acompa\u00f1ado por el Director de Deportes Paqui B\u00f3veda, a quien reconoci\u00f3 por \u201cinsistir y trabajar mucho para estas concreciones\u201d.<\/p>\n<p>  El micro-estadio cubierto tendr\u00e1 una capacidad de mil personas sentadas en butacas, que ser\u00e1n movibles de acuerdo al espacio que se requiera seg\u00fan la utilizaci\u00f3n que se le d\u00e9. Adem\u00e1s de permitirle a unos cinco mil chicos que concurren a las escuelas de Arrecifes, practicar deportes y no suspender actividades f\u00edsicas por el mal clima. El lugar ser\u00e1 destinado tambi\u00e9n para eventos culturales.<\/p>\n<p>  Olaeta se ocup\u00f3 de aclarar: \u201cveo que hay gente que pregunta, por ejemplo, por qu\u00e9 Olaeta hace estas obras y no construye m\u00e1s viviendas\u201d, y me veo en la obligaci\u00f3n de aclarar que las partidas de dinero que gestionamos y conseguimos ante distintos ministerios se deben utilizar exclusivamente en las obras para las que se otorgan. Estas obras se realizan con dinero del Fondo Educativo y con eso no puedo hacer viviendas. Como el aporte que conseguimos del Ministerio de Seguridad, que debe ser utilizado en la compra de las 80 nuevas c\u00e1maras de seguridad que anunciamos. No se permite cambiar el destino del dinero\u201d. (http:\/\/arrecifesnoticias.com)<\/p>\n","protected":false},"excerpt":{"rendered":"<p>El Intendente Javier Olaeta confirm\u00f3 la construcci\u00f3n del tan ansiado micro-estadio cubierto y de una pileta climatizada en el predio del Polideportivo General San Mart\u00edn. Hace m\u00e1s de cinco a\u00f1os, en febrero de 2012, ya el entonces Intendente de Arrecifes Daniel Bolinaga, anunciaba gestiones por esta obra para nuestra ciudad. \u201cEsperemos poder comenzar la obra [&hellip;]<\/p>\n","protected":false},"author":4,"featured_media":17724,"comment_status":"open","ping_status":"closed","sticky":false,"template":"","format":"standard","meta":{"om_disable_all_campaigns":false,"_jetpack_memberships_contains_paid_content":false,"footnotes":""},"categories":[621],"tags":[],"class_list":["post-17721","post","type-post","status-publish","format-standard","has-post-thumbnail","hentry","category-regionales"],"aioseo_notices":[],"gutentor_comment":0,"jetpack_featured_media_url":"https:\/\/eldiariodesanpedro.com.ar\/sitio\/wp-content\/uploads\/2017\/04\/Microestadio.jpg","jetpack_shortlink":"https:\/\/wp.me\/p6RhLt-4BP","jetpack_sharing_enabled":true,"_links":{"self":[{"href":"https:\/\/eldiariodesanpedro.com.ar\/sitio\/wp-json\/wp\/v2\/posts\/17721","targetHints":{"allow":["GET"]}}],"collection":[{"href":"https:\/\/eldiariodesanpedro.com.ar\/sitio\/wp-json\/wp\/v2\/posts"}],"about":[{"href":"https:\/\/eldiariodesanpedro.com.ar\/sitio\/wp-json\/wp\/v2\/types\/post"}],"author":[{"embeddable":true,"href":"https:\/\/eldiariodesanpedro.com.ar\/sitio\/wp-json\/wp\/v2\/users\/4"}],"replies":[{"embeddable":true,"href":"https:\/\/eldiariodesanpedro.com.ar\/sitio\/wp-json\/wp\/v2\/comments?post=17721"}],"version-history":[{"count":1,"href":"https:\/\/eldiariodesanpedro.com.ar\/sitio\/wp-json\/wp\/v2\/posts\/17721\/revisions"}],"predecessor-version":[{"id":17725,"href":"https:\/\/eldiariodesanpedro.com.ar\/sitio\/wp-json\/wp\/v2\/posts\/17721\/revisions\/17725"}],"wp:featuredmedia":[{"embeddable":true,"href":"https:\/\/eldiariodesanpedro.com.ar\/sitio\/wp-json\/wp\/v2\/media\/17724"}],"wp:attachment":[{"href":"https:\/\/eldiariodesanpedro.com.ar\/sitio\/wp-json\/wp\/v2\/media?parent=17721"}],"wp:term":[{"taxonomy":"category","embeddable":true,"href":"https:\/\/eldiariodesanpedro.com.ar\/sitio\/wp-json\/wp\/v2\/categories?post=17721"},{"taxonomy":"post_tag","embeddable":true,"href":"https:\/\/eldiariodesanpedro.com.ar\/sitio\/wp-json\/wp\/v2\/tags?post=17721"}],"curies":[{"name":"wp","href":"https:\/\/api.w.org\/{rel}","templated":true}]}}