{"id":17719,"date":"2017-04-23T18:54:08","date_gmt":"2017-04-23T21:54:08","guid":{"rendered":"https:\/\/eldiariodesanpedro.com.ar\/sitio\/?p=17719"},"modified":"2017-04-23T18:54:08","modified_gmt":"2017-04-23T21:54:08","slug":"san-nicolas-detuvieron-a-una-mujer-cuando-intentaba-ingresar-a-la-carcel-con-cocaina-oculta-en-su-cabello","status":"publish","type":"post","link":"https:\/\/eldiariodesanpedro.com.ar\/sitio\/san-nicolas-detuvieron-a-una-mujer-cuando-intentaba-ingresar-a-la-carcel-con-cocaina-oculta-en-su-cabello\/","title":{"rendered":"SAN NICOL\u00c1S: Detuvieron a una mujer cuando intentaba ingresar a la c\u00e1rcel con coca\u00edna oculta en su cabello"},"content":{"rendered":"<p><!-- VideographyWP Plugin Message: Automatic video embedding prevented by plugin options. --><br \/>\n  El hecho se produjo cuando fue a visitar a su concubino en la Unidad Penal N\u00ba3 de San Nicol\u00e1s. La mujer llevaba dos envoltorios con coca\u00edna, ocultos en su pelo.<\/p>\n<p>  Una mujer fue a la Unidad Penal de San Nicol\u00e1s con la intenci\u00f3n de visitar a su concubino. Cuando ingres\u00f3 al lugar de visitas se le realiz\u00f3 una requisa, como es habitual en estos casos, y en su pelo descubrieron doce envoltorios de papel metalizado con coca\u00edna, que en total sumaban 4,8 gramos. Asimismo, se le secuestraron dos tel\u00e9fonos celulares. <\/p>\n<p>  La mujer fue aprehendida y trasladada a Sede de Fiscal\u00eda donde prest\u00f3 declaraci\u00f3n testimonial ante el Fiscal Patricio M\u00fagica D\u00edaz. (Diario El Norte)<\/p>\n","protected":false},"excerpt":{"rendered":"<p>El hecho se produjo cuando fue a visitar a su concubino en la Unidad Penal N\u00ba3 de San Nicol\u00e1s. La mujer llevaba dos envoltorios con coca\u00edna, ocultos en su pelo. Una mujer fue a la Unidad Penal de San Nicol\u00e1s con la intenci\u00f3n de visitar a su concubino. Cuando ingres\u00f3 al lugar de visitas se [&hellip;]<\/p>\n","protected":false},"author":4,"featured_media":17720,"comment_status":"open","ping_status":"closed","sticky":false,"template":"","format":"standard","meta":{"om_disable_all_campaigns":false,"_jetpack_memberships_contains_paid_content":false,"footnotes":""},"categories":[621],"tags":[],"class_list":["post-17719","post","type-post","status-publish","format-standard","has-post-thumbnail","hentry","category-regionales"],"aioseo_notices":[],"gutentor_comment":0,"jetpack_featured_media_url":"https:\/\/eldiariodesanpedro.com.ar\/sitio\/wp-content\/uploads\/2017\/04\/El-Penal-de-San-Nicol\u00e1s.jpeg","jetpack_shortlink":"https:\/\/wp.me\/p6RhLt-4BN","jetpack_sharing_enabled":true,"_links":{"self":[{"href":"https:\/\/eldiariodesanpedro.com.ar\/sitio\/wp-json\/wp\/v2\/posts\/17719","targetHints":{"allow":["GET"]}}],"collection":[{"href":"https:\/\/eldiariodesanpedro.com.ar\/sitio\/wp-json\/wp\/v2\/posts"}],"about":[{"href":"https:\/\/eldiariodesanpedro.com.ar\/sitio\/wp-json\/wp\/v2\/types\/post"}],"author":[{"embeddable":true,"href":"https:\/\/eldiariodesanpedro.com.ar\/sitio\/wp-json\/wp\/v2\/users\/4"}],"replies":[{"embeddable":true,"href":"https:\/\/eldiariodesanpedro.com.ar\/sitio\/wp-json\/wp\/v2\/comments?post=17719"}],"version-history":[{"count":1,"href":"https:\/\/eldiariodesanpedro.com.ar\/sitio\/wp-json\/wp\/v2\/posts\/17719\/revisions"}],"predecessor-version":[{"id":17722,"href":"https:\/\/eldiariodesanpedro.com.ar\/sitio\/wp-json\/wp\/v2\/posts\/17719\/revisions\/17722"}],"wp:featuredmedia":[{"embeddable":true,"href":"https:\/\/eldiariodesanpedro.com.ar\/sitio\/wp-json\/wp\/v2\/media\/17720"}],"wp:attachment":[{"href":"https:\/\/eldiariodesanpedro.com.ar\/sitio\/wp-json\/wp\/v2\/media?parent=17719"}],"wp:term":[{"taxonomy":"category","embeddable":true,"href":"https:\/\/eldiariodesanpedro.com.ar\/sitio\/wp-json\/wp\/v2\/categories?post=17719"},{"taxonomy":"post_tag","embeddable":true,"href":"https:\/\/eldiariodesanpedro.com.ar\/sitio\/wp-json\/wp\/v2\/tags?post=17719"}],"curies":[{"name":"wp","href":"https:\/\/api.w.org\/{rel}","templated":true}]}}