{"id":17716,"date":"2017-04-23T18:49:22","date_gmt":"2017-04-23T21:49:22","guid":{"rendered":"https:\/\/eldiariodesanpedro.com.ar\/sitio\/?p=17716"},"modified":"2017-04-23T18:49:22","modified_gmt":"2017-04-23T21:49:22","slug":"representantes-gremiales-recorrieron-el-hospital","status":"publish","type":"post","link":"https:\/\/eldiariodesanpedro.com.ar\/sitio\/representantes-gremiales-recorrieron-el-hospital\/","title":{"rendered":"Representantes gremiales recorrieron el Hospital"},"content":{"rendered":"<p><!-- VideographyWP Plugin Message: Automatic video embedding prevented by plugin options. --><br \/>\n  En la tarde de este viernes, representante de los sindicatos de nuestra ciudad recorrieron el Nosocomio ante el inminente conflicto entre sus obras sociales y el C\u00edrculo M\u00e9dico de San Pedro, por los elevados costos que pretende cobrar la entidad.<\/p>\n<p>  All\u00ed estuvieron los gremios que representan a los empleados de Comercio, Embaladores, descartadores y alambradores; SIPEM, Osprera, FEMPINRA, STM, Guincheros, STIA, Sanidad, Papeleros, SATSAID, SEAMARA, UPCN, SUPA, AJB, Camioneros, entre otros.<\/p>\n<p>  Sobre ello, el Director de Salud, el Dr. Edgar Britos sostuvo: \u201cEntendemos de la problem\u00e1tica con el sector privado\u201d y \u201chan estado interesados en conocer las instalaciones como una alternativa m\u00e1s para eventualmente canalizar la asistencia de los afiliados de sus obras sociales\u201d.<\/p>\n<p>  \u201cSe han visto sorprendidos por los avances que ha tenido el Hospital este a\u00f1o\u201d, asever\u00f3 el funcionario y agreg\u00f3: \u201cHay que brindarles una alternativa desde Salud P\u00fablica para garantizar la asistencia\u201d. \u201cLa visita de hoy es una aproximaci\u00f3n a la posibilidad de que el Hospital sea el principal centro de atenci\u00f3n de los afiliados\u201d.<\/p>\n<p>  Por su parte, Marcelo Mosteiro del Sindicato de Comercio, opin\u00f3: \u201cLos 18 gremios que estamos unidos evaluamos una alternativa\u201d. Y seguidamente Rodolfo Noir del gremio de la alimentaci\u00f3n, dijo: \u201cEl tema con el C\u00edrculo M\u00e9dico es algo que sufrimos a\u00f1o a a\u00f1o. Nos cobran aranceles por encima de lo que se paga en toda la Provincia. Nosotros tenemos en otras ciudades aranceles much\u00edsimo m\u00e1s bajos, la mitad del valor que nos cobra el C\u00edrculo M\u00e9dico en San Pedro, y terminamos pagando lo que nos piden. Pero esta vez dijimos basta\u201d.<\/p>\n<p>  \u201cAdem\u00e1s de un aumento del 40%, quieren modificar el contrato, todo perjudicando al afiliado\u201d, sostuvo.<\/p>\n<p>  Y luego manifest\u00f3: \u201cAntes, si estabas afiliado a una obra social no pod\u00edas atenderte en el Hospital. Hoy se nos ha abierto la puerta\u201d. \u201cSabemos que el Hospital estuvo manejado por m\u00e9dicos que estaban en la Salud Privada, y manifestaban a los afiliados que s\u00ed ten\u00edan una obra social, ten\u00edas que atenderte en las cl\u00ednicas\u201d.<\/p>\n<p>  En ese sentido Roberto Gabito del Sindicato del Papel, dijo: \u201cHemos analizado con el Intendente posibles inversiones\u201d y \u201cest\u00e1 la propuesta de poder llegar a construir algunos consultorios\u201d.<\/p>\n<p>  Seguidamente, opin\u00f3: \u201cNo deber\u00eda pasar m\u00e1s que la salud privada maneje la p\u00fablica, porque si no, pasa que se quieren llevar los pacientes a la parte privada\u201d.<\/p>\n<p>Por otro lado, sostuvo que, si el proyecto es viable se aportar\u00e1 dinero como corresponde\u201d.<\/p>\n<p>  Por \u00faltimo, el Jefe de la Guardia Dr. Jos\u00e9 Herbas, explic\u00f3: \u201cTenemos alternativas que le hemos brindado al Intendente para tomar algunas decisiones. Obviamente que, si en este momento tenemos que atenderlos lo vamos a hacer; aun reconociendo que vamos a estar saturados\u201d.<\/p>\n","protected":false},"excerpt":{"rendered":"<p>En la tarde de este viernes, representante de los sindicatos de nuestra ciudad recorrieron el Nosocomio ante el inminente conflicto entre sus obras sociales y el C\u00edrculo M\u00e9dico de San Pedro, por los elevados costos que pretende cobrar la entidad. All\u00ed estuvieron los gremios que representan a los empleados de Comercio, Embaladores, descartadores y alambradores; [&hellip;]<\/p>\n","protected":false},"author":4,"featured_media":10265,"comment_status":"open","ping_status":"closed","sticky":false,"template":"","format":"standard","meta":{"om_disable_all_campaigns":false,"_jetpack_memberships_contains_paid_content":false,"footnotes":""},"categories":[2,102],"tags":[],"class_list":["post-17716","post","type-post","status-publish","format-standard","has-post-thumbnail","hentry","category-locales","category-politica-locales"],"aioseo_notices":[],"gutentor_comment":0,"jetpack_featured_media_url":"https:\/\/eldiariodesanpedro.com.ar\/sitio\/wp-content\/uploads\/2016\/11\/hospital-san-pedro.jpg","jetpack_shortlink":"https:\/\/wp.me\/p6RhLt-4BK","jetpack_sharing_enabled":true,"_links":{"self":[{"href":"https:\/\/eldiariodesanpedro.com.ar\/sitio\/wp-json\/wp\/v2\/posts\/17716","targetHints":{"allow":["GET"]}}],"collection":[{"href":"https:\/\/eldiariodesanpedro.com.ar\/sitio\/wp-json\/wp\/v2\/posts"}],"about":[{"href":"https:\/\/eldiariodesanpedro.com.ar\/sitio\/wp-json\/wp\/v2\/types\/post"}],"author":[{"embeddable":true,"href":"https:\/\/eldiariodesanpedro.com.ar\/sitio\/wp-json\/wp\/v2\/users\/4"}],"replies":[{"embeddable":true,"href":"https:\/\/eldiariodesanpedro.com.ar\/sitio\/wp-json\/wp\/v2\/comments?post=17716"}],"version-history":[{"count":1,"href":"https:\/\/eldiariodesanpedro.com.ar\/sitio\/wp-json\/wp\/v2\/posts\/17716\/revisions"}],"predecessor-version":[{"id":17718,"href":"https:\/\/eldiariodesanpedro.com.ar\/sitio\/wp-json\/wp\/v2\/posts\/17716\/revisions\/17718"}],"wp:featuredmedia":[{"embeddable":true,"href":"https:\/\/eldiariodesanpedro.com.ar\/sitio\/wp-json\/wp\/v2\/media\/10265"}],"wp:attachment":[{"href":"https:\/\/eldiariodesanpedro.com.ar\/sitio\/wp-json\/wp\/v2\/media?parent=17716"}],"wp:term":[{"taxonomy":"category","embeddable":true,"href":"https:\/\/eldiariodesanpedro.com.ar\/sitio\/wp-json\/wp\/v2\/categories?post=17716"},{"taxonomy":"post_tag","embeddable":true,"href":"https:\/\/eldiariodesanpedro.com.ar\/sitio\/wp-json\/wp\/v2\/tags?post=17716"}],"curies":[{"name":"wp","href":"https:\/\/api.w.org\/{rel}","templated":true}]}}