{"id":17712,"date":"2017-04-23T18:46:27","date_gmt":"2017-04-23T21:46:27","guid":{"rendered":"https:\/\/eldiariodesanpedro.com.ar\/sitio\/?p=17712"},"modified":"2017-04-23T18:46:27","modified_gmt":"2017-04-23T21:46:27","slug":"integrantes-de-cambiemos-realizaron-un-timbreo","status":"publish","type":"post","link":"https:\/\/eldiariodesanpedro.com.ar\/sitio\/integrantes-de-cambiemos-realizaron-un-timbreo\/","title":{"rendered":"Integrantes de \u00abCambiemos\u00bb realizaron un \u201ctimbreo\u201d"},"content":{"rendered":"<p><!-- VideographyWP Plugin Message: Automatic video embedding prevented by plugin options. --><br \/>\n  En el marco del \u201ctimbreo\u201d nacional de Cambiemos, autoridades locales dialogaron con vecinos del Barrio Futuro, Depietri y Arcor. La din\u00e1mica tiene como objetivo conocer de primera mano las realidades y preocupaciones de los vecinos.<\/p>\n<p>  All\u00ed estuvieron presentes: El Secretario de Salud Dr. Edgar Britos, el Secretario Privado y de Prensa Jonathan Galv\u00e1n, el Secretario de Seguridad Eduardo Roleri, el Sub Secretario de Desarrollo Humano Fernando Negrete, el Coordinador en la Direcci\u00f3n de Asuntos Federales de INET Juan Pablo Ruozi, los Concejales Juan Garavaglia y Elisa Ferraro, el Presidente del Consejo Escolar Gustavo Lilof, los Consejeros Escolares Fernando Cajide, Jorge D\u2019 Andrea, M\u00f3nica Romagnano, la Coordinadora de los Centros de Actividades Juveniles de Educaci\u00f3n Natalia Claverini y la Coordinadora del Plan Fines Ana Tiramonti.<\/p>\n<p>  A trav\u00e9s de un comunicado, el Secretario Privado y de Prensa Jonathan Galv\u00e1n, inform\u00f3: \u201cHoy salimos a charlar con los vecinos y a contarles todo lo que se est\u00e1 haciendo en nuestros barrios, recorrimos el Barrio Futuro, Depietri y Arcor. Barrios donde se est\u00e1n haciendo importantes obras como el desag\u00fce pluvial del Barrio Futuro con una inversi\u00f3n de 20 millones de pesos, la cual evitar\u00e1 que toda esa zona se inunde, la construcci\u00f3n del Play\u00f3n de Depietri que cuenta con cancha de futbol, b\u00e1squet y vestuarios, un espacio ideal para que los vecinos y los chicos se encuentren con el deporte y el aire libre\u201d.<\/p>\n<p>  \u201cLes contamos el proyecto del Ministerio del Interior para urbanizar el Barrio Futuro con cord\u00f3n cuneta, mejorado asf\u00e1ltico, luminarias nuevas, red de cloacas y la nueva plaza con una inversi\u00f3n de 46 millones de pesos, cada obra ha sido gestionada por nuestro Intendente Cecilio Salazar quien, junto a su gran equipo, trabaja incansablemente para poder recuperar el brillo de nuestro querido San Pedro\u201d, expres\u00f3 seguidamente.<\/p>\n","protected":false},"excerpt":{"rendered":"<p>En el marco del \u201ctimbreo\u201d nacional de Cambiemos, autoridades locales dialogaron con vecinos del Barrio Futuro, Depietri y Arcor. La din\u00e1mica tiene como objetivo conocer de primera mano las realidades y preocupaciones de los vecinos. All\u00ed estuvieron presentes: El Secretario de Salud Dr. Edgar Britos, el Secretario Privado y de Prensa Jonathan Galv\u00e1n, el Secretario [&hellip;]<\/p>\n","protected":false},"author":4,"featured_media":17715,"comment_status":"open","ping_status":"closed","sticky":false,"template":"","format":"standard","meta":{"om_disable_all_campaigns":false,"_jetpack_memberships_contains_paid_content":false,"footnotes":""},"categories":[2,102],"tags":[],"class_list":["post-17712","post","type-post","status-publish","format-standard","has-post-thumbnail","hentry","category-locales","category-politica-locales"],"aioseo_notices":[],"gutentor_comment":0,"jetpack_featured_media_url":"https:\/\/eldiariodesanpedro.com.ar\/sitio\/wp-content\/uploads\/2017\/04\/La-recorrida-realizada-el-s\u00e1bado-por-integrantes-de-Cambiemos.jpeg","jetpack_shortlink":"https:\/\/wp.me\/p6RhLt-4BG","jetpack_sharing_enabled":true,"_links":{"self":[{"href":"https:\/\/eldiariodesanpedro.com.ar\/sitio\/wp-json\/wp\/v2\/posts\/17712","targetHints":{"allow":["GET"]}}],"collection":[{"href":"https:\/\/eldiariodesanpedro.com.ar\/sitio\/wp-json\/wp\/v2\/posts"}],"about":[{"href":"https:\/\/eldiariodesanpedro.com.ar\/sitio\/wp-json\/wp\/v2\/types\/post"}],"author":[{"embeddable":true,"href":"https:\/\/eldiariodesanpedro.com.ar\/sitio\/wp-json\/wp\/v2\/users\/4"}],"replies":[{"embeddable":true,"href":"https:\/\/eldiariodesanpedro.com.ar\/sitio\/wp-json\/wp\/v2\/comments?post=17712"}],"version-history":[{"count":1,"href":"https:\/\/eldiariodesanpedro.com.ar\/sitio\/wp-json\/wp\/v2\/posts\/17712\/revisions"}],"predecessor-version":[{"id":17717,"href":"https:\/\/eldiariodesanpedro.com.ar\/sitio\/wp-json\/wp\/v2\/posts\/17712\/revisions\/17717"}],"wp:featuredmedia":[{"embeddable":true,"href":"https:\/\/eldiariodesanpedro.com.ar\/sitio\/wp-json\/wp\/v2\/media\/17715"}],"wp:attachment":[{"href":"https:\/\/eldiariodesanpedro.com.ar\/sitio\/wp-json\/wp\/v2\/media?parent=17712"}],"wp:term":[{"taxonomy":"category","embeddable":true,"href":"https:\/\/eldiariodesanpedro.com.ar\/sitio\/wp-json\/wp\/v2\/categories?post=17712"},{"taxonomy":"post_tag","embeddable":true,"href":"https:\/\/eldiariodesanpedro.com.ar\/sitio\/wp-json\/wp\/v2\/tags?post=17712"}],"curies":[{"name":"wp","href":"https:\/\/api.w.org\/{rel}","templated":true}]}}