{"id":17710,"date":"2017-04-23T18:44:38","date_gmt":"2017-04-23T21:44:38","guid":{"rendered":"https:\/\/eldiariodesanpedro.com.ar\/sitio\/?p=17710"},"modified":"2017-04-23T18:44:38","modified_gmt":"2017-04-23T21:44:38","slug":"un-auto-volco-en-la-ruta-9-2","status":"publish","type":"post","link":"https:\/\/eldiariodesanpedro.com.ar\/sitio\/un-auto-volco-en-la-ruta-9-2\/","title":{"rendered":"Un auto volc\u00f3 en la Ruta 9"},"content":{"rendered":"<p><!-- VideographyWP Plugin Message: Automatic video embedding prevented by plugin options. --><br \/>\n  El accidente automovil\u00edstico se produjo en la ma\u00f1ana del s\u00e1bado, en el km. 150 de la Autopista Nacional. <\/p>\n<p>  Por causas que se tratan de establecer, un autom\u00f3vil despist\u00f3 y volc\u00f3. En el rodado iban tres personas: El conductor, un hombre mayor, que result\u00f3 ileso; una mujer mayor que sufri\u00f3 un trauma cervical y un ni\u00f1o con politraumatismos. Los heridos fueron derivados por una ambulancia del CEM al Hospital.<\/p>\n<p>  Seg\u00fan se pudo establecer, viajaban desde Ituzaing\u00f3 hacia C\u00f3rdoba.<\/p>\n","protected":false},"excerpt":{"rendered":"<p>El accidente automovil\u00edstico se produjo en la ma\u00f1ana del s\u00e1bado, en el km. 150 de la Autopista Nacional. Por causas que se tratan de establecer, un autom\u00f3vil despist\u00f3 y volc\u00f3. En el rodado iban tres personas: El conductor, un hombre mayor, que result\u00f3 ileso; una mujer mayor que sufri\u00f3 un trauma cervical y un ni\u00f1o [&hellip;]<\/p>\n","protected":false},"author":4,"featured_media":7633,"comment_status":"open","ping_status":"closed","sticky":false,"template":"","format":"standard","meta":{"om_disable_all_campaigns":false,"_jetpack_memberships_contains_paid_content":false,"footnotes":""},"categories":[2,103],"tags":[],"class_list":["post-17710","post","type-post","status-publish","format-standard","has-post-thumbnail","hentry","category-locales","category-policiales-locales"],"aioseo_notices":[],"gutentor_comment":0,"jetpack_featured_media_url":"https:\/\/eldiariodesanpedro.com.ar\/sitio\/wp-content\/uploads\/2016\/08\/hospital-policia.jpg","jetpack_shortlink":"https:\/\/wp.me\/p6RhLt-4BE","jetpack_sharing_enabled":true,"_links":{"self":[{"href":"https:\/\/eldiariodesanpedro.com.ar\/sitio\/wp-json\/wp\/v2\/posts\/17710","targetHints":{"allow":["GET"]}}],"collection":[{"href":"https:\/\/eldiariodesanpedro.com.ar\/sitio\/wp-json\/wp\/v2\/posts"}],"about":[{"href":"https:\/\/eldiariodesanpedro.com.ar\/sitio\/wp-json\/wp\/v2\/types\/post"}],"author":[{"embeddable":true,"href":"https:\/\/eldiariodesanpedro.com.ar\/sitio\/wp-json\/wp\/v2\/users\/4"}],"replies":[{"embeddable":true,"href":"https:\/\/eldiariodesanpedro.com.ar\/sitio\/wp-json\/wp\/v2\/comments?post=17710"}],"version-history":[{"count":1,"href":"https:\/\/eldiariodesanpedro.com.ar\/sitio\/wp-json\/wp\/v2\/posts\/17710\/revisions"}],"predecessor-version":[{"id":17713,"href":"https:\/\/eldiariodesanpedro.com.ar\/sitio\/wp-json\/wp\/v2\/posts\/17710\/revisions\/17713"}],"wp:featuredmedia":[{"embeddable":true,"href":"https:\/\/eldiariodesanpedro.com.ar\/sitio\/wp-json\/wp\/v2\/media\/7633"}],"wp:attachment":[{"href":"https:\/\/eldiariodesanpedro.com.ar\/sitio\/wp-json\/wp\/v2\/media?parent=17710"}],"wp:term":[{"taxonomy":"category","embeddable":true,"href":"https:\/\/eldiariodesanpedro.com.ar\/sitio\/wp-json\/wp\/v2\/categories?post=17710"},{"taxonomy":"post_tag","embeddable":true,"href":"https:\/\/eldiariodesanpedro.com.ar\/sitio\/wp-json\/wp\/v2\/tags?post=17710"}],"curies":[{"name":"wp","href":"https:\/\/api.w.org\/{rel}","templated":true}]}}