{"id":17708,"date":"2017-04-23T18:36:52","date_gmt":"2017-04-23T21:36:52","guid":{"rendered":"https:\/\/eldiariodesanpedro.com.ar\/sitio\/?p=17708"},"modified":"2017-04-23T18:45:25","modified_gmt":"2017-04-23T21:45:25","slug":"aprehendieron-a-un-hombre-por-robar-dos-botellas-de-fernet","status":"publish","type":"post","link":"https:\/\/eldiariodesanpedro.com.ar\/sitio\/aprehendieron-a-un-hombre-por-robar-dos-botellas-de-fernet\/","title":{"rendered":"Aprehendieron a un hombre por robar dos botellas de \u201cfernet\u201d"},"content":{"rendered":"<p><!-- VideographyWP Plugin Message: Automatic video embedding prevented by plugin options. --><br \/>\n  El hecho se produjo el s\u00e1bado pasado, en un supermercado \u201cchino\u201d localizado en Sarmiento 1138. <\/p>\n<p>  Los due\u00f1os del lugar advirtieron la maniobra cuando esta persona abandonaba el lugar y dieron aviso a la Polic\u00eda. Un m\u00f3vil policial se hizo presente y pudieron constatar que en su poder llevaba dos botellas de fernet Branca. <\/p>\n<p>  Como consecuencia de ello, el hombre de 37 a\u00f1os fue aprehendido por Tentativa de Hurto seg\u00fan la car\u00e1tula dispuesta por la UFI N\u00ba11.<\/p>\n","protected":false},"excerpt":{"rendered":"<p>El hecho se produjo el s\u00e1bado pasado, en un supermercado \u201cchino\u201d localizado en Sarmiento 1138. Los due\u00f1os del lugar advirtieron la maniobra cuando esta persona abandonaba el lugar y dieron aviso a la Polic\u00eda. Un m\u00f3vil policial se hizo presente y pudieron constatar que en su poder llevaba dos botellas de fernet Branca. Como consecuencia [&hellip;]<\/p>\n","protected":false},"author":4,"featured_media":17714,"comment_status":"open","ping_status":"closed","sticky":false,"template":"","format":"standard","meta":{"om_disable_all_campaigns":false,"_jetpack_memberships_contains_paid_content":false,"footnotes":""},"categories":[2,103],"tags":[],"class_list":["post-17708","post","type-post","status-publish","format-standard","has-post-thumbnail","hentry","category-locales","category-policiales-locales"],"aioseo_notices":[],"gutentor_comment":0,"jetpack_featured_media_url":"https:\/\/eldiariodesanpedro.com.ar\/sitio\/wp-content\/uploads\/2017\/04\/robo-fernet.jpg","jetpack_shortlink":"https:\/\/wp.me\/p6RhLt-4BC","jetpack_sharing_enabled":true,"_links":{"self":[{"href":"https:\/\/eldiariodesanpedro.com.ar\/sitio\/wp-json\/wp\/v2\/posts\/17708","targetHints":{"allow":["GET"]}}],"collection":[{"href":"https:\/\/eldiariodesanpedro.com.ar\/sitio\/wp-json\/wp\/v2\/posts"}],"about":[{"href":"https:\/\/eldiariodesanpedro.com.ar\/sitio\/wp-json\/wp\/v2\/types\/post"}],"author":[{"embeddable":true,"href":"https:\/\/eldiariodesanpedro.com.ar\/sitio\/wp-json\/wp\/v2\/users\/4"}],"replies":[{"embeddable":true,"href":"https:\/\/eldiariodesanpedro.com.ar\/sitio\/wp-json\/wp\/v2\/comments?post=17708"}],"version-history":[{"count":1,"href":"https:\/\/eldiariodesanpedro.com.ar\/sitio\/wp-json\/wp\/v2\/posts\/17708\/revisions"}],"predecessor-version":[{"id":17711,"href":"https:\/\/eldiariodesanpedro.com.ar\/sitio\/wp-json\/wp\/v2\/posts\/17708\/revisions\/17711"}],"wp:featuredmedia":[{"embeddable":true,"href":"https:\/\/eldiariodesanpedro.com.ar\/sitio\/wp-json\/wp\/v2\/media\/17714"}],"wp:attachment":[{"href":"https:\/\/eldiariodesanpedro.com.ar\/sitio\/wp-json\/wp\/v2\/media?parent=17708"}],"wp:term":[{"taxonomy":"category","embeddable":true,"href":"https:\/\/eldiariodesanpedro.com.ar\/sitio\/wp-json\/wp\/v2\/categories?post=17708"},{"taxonomy":"post_tag","embeddable":true,"href":"https:\/\/eldiariodesanpedro.com.ar\/sitio\/wp-json\/wp\/v2\/tags?post=17708"}],"curies":[{"name":"wp","href":"https:\/\/api.w.org\/{rel}","templated":true}]}}