{"id":17707,"date":"2017-04-23T18:34:45","date_gmt":"2017-04-23T21:34:45","guid":{"rendered":"https:\/\/eldiariodesanpedro.com.ar\/sitio\/?p=17707"},"modified":"2017-04-23T18:34:45","modified_gmt":"2017-04-23T21:34:45","slug":"un-delincuente-fue-detenido-por-intentar-robar-un-auto","status":"publish","type":"post","link":"https:\/\/eldiariodesanpedro.com.ar\/sitio\/un-delincuente-fue-detenido-por-intentar-robar-un-auto\/","title":{"rendered":"Un delincuente fue detenido por intentar robar un auto"},"content":{"rendered":"<p><!-- VideographyWP Plugin Message: Automatic video embedding prevented by plugin options. --><br \/>\n  Durante la madrugada de hoy, personal de la Comisar\u00eda logr\u00f3 evitar que se cometiera el delito. El sujeto fue atrapado \u201cinfraganti\u201d cuando intentaba abrir un autom\u00f3vil Renault Cl\u00edo con un cuchillo tipo navaja, en la intersecci\u00f3n de las calles San Mart\u00edn y Mitre.<\/p>\n<p>  El delincuente, de tan s\u00f3lo 19 a\u00f1os de edad, fue trasladado a la Comisar\u00eda donde qued\u00f3 alojado a disposici\u00f3n de la UFI N\u00ba11 por \u201ctentativa de robo\u201d.<\/p>\n","protected":false},"excerpt":{"rendered":"<p>Durante la madrugada de hoy, personal de la Comisar\u00eda logr\u00f3 evitar que se cometiera el delito. El sujeto fue atrapado \u201cinfraganti\u201d cuando intentaba abrir un autom\u00f3vil Renault Cl\u00edo con un cuchillo tipo navaja, en la intersecci\u00f3n de las calles San Mart\u00edn y Mitre. El delincuente, de tan s\u00f3lo 19 a\u00f1os de edad, fue trasladado a [&hellip;]<\/p>\n","protected":false},"author":4,"featured_media":4713,"comment_status":"open","ping_status":"closed","sticky":false,"template":"","format":"standard","meta":{"om_disable_all_campaigns":false,"_jetpack_memberships_contains_paid_content":false,"footnotes":""},"categories":[2,103],"tags":[],"class_list":["post-17707","post","type-post","status-publish","format-standard","has-post-thumbnail","hentry","category-locales","category-policiales-locales"],"aioseo_notices":[],"gutentor_comment":0,"jetpack_featured_media_url":"https:\/\/eldiariodesanpedro.com.ar\/sitio\/wp-content\/uploads\/2016\/05\/detenido.jpg","jetpack_shortlink":"https:\/\/wp.me\/p6RhLt-4BB","jetpack_sharing_enabled":true,"_links":{"self":[{"href":"https:\/\/eldiariodesanpedro.com.ar\/sitio\/wp-json\/wp\/v2\/posts\/17707","targetHints":{"allow":["GET"]}}],"collection":[{"href":"https:\/\/eldiariodesanpedro.com.ar\/sitio\/wp-json\/wp\/v2\/posts"}],"about":[{"href":"https:\/\/eldiariodesanpedro.com.ar\/sitio\/wp-json\/wp\/v2\/types\/post"}],"author":[{"embeddable":true,"href":"https:\/\/eldiariodesanpedro.com.ar\/sitio\/wp-json\/wp\/v2\/users\/4"}],"replies":[{"embeddable":true,"href":"https:\/\/eldiariodesanpedro.com.ar\/sitio\/wp-json\/wp\/v2\/comments?post=17707"}],"version-history":[{"count":1,"href":"https:\/\/eldiariodesanpedro.com.ar\/sitio\/wp-json\/wp\/v2\/posts\/17707\/revisions"}],"predecessor-version":[{"id":17709,"href":"https:\/\/eldiariodesanpedro.com.ar\/sitio\/wp-json\/wp\/v2\/posts\/17707\/revisions\/17709"}],"wp:featuredmedia":[{"embeddable":true,"href":"https:\/\/eldiariodesanpedro.com.ar\/sitio\/wp-json\/wp\/v2\/media\/4713"}],"wp:attachment":[{"href":"https:\/\/eldiariodesanpedro.com.ar\/sitio\/wp-json\/wp\/v2\/media?parent=17707"}],"wp:term":[{"taxonomy":"category","embeddable":true,"href":"https:\/\/eldiariodesanpedro.com.ar\/sitio\/wp-json\/wp\/v2\/categories?post=17707"},{"taxonomy":"post_tag","embeddable":true,"href":"https:\/\/eldiariodesanpedro.com.ar\/sitio\/wp-json\/wp\/v2\/tags?post=17707"}],"curies":[{"name":"wp","href":"https:\/\/api.w.org\/{rel}","templated":true}]}}