{"id":17701,"date":"2017-04-23T18:33:34","date_gmt":"2017-04-23T21:33:34","guid":{"rendered":"https:\/\/eldiariodesanpedro.com.ar\/sitio\/?p=17701"},"modified":"2017-04-23T18:33:34","modified_gmt":"2017-04-23T21:33:34","slug":"un-auto-impacto-a-otros-dos-y-genero-un-caos-vehicular","status":"publish","type":"post","link":"https:\/\/eldiariodesanpedro.com.ar\/sitio\/un-auto-impacto-a-otros-dos-y-genero-un-caos-vehicular\/","title":{"rendered":"Un auto impacto a otros dos y gener\u00f3 un caos vehicular"},"content":{"rendered":"<p><!-- VideographyWP Plugin Message: Automatic video embedding prevented by plugin options. --><br \/>\nUn hombre de avanzada edad protagoniz\u00f3 el viernes en la zona c\u00e9ntrica un incidente de tr\u00e1nsito que demor\u00f3 al menos una hora en resolverse.<\/p>\n<p>  La situaci\u00f3n se produjo cuando el conductor intent\u00f3 estacionar su autom\u00f3vil en calle San Mart\u00edn entre Mitre y Salta, entre dos autom\u00f3viles. Como el espacio era escaso, termin\u00f3 impactando con la parte trasera y delantera a los rodados aparcados.<\/p>\n<p>  Esto gener\u00f3 que personal de la Direcci\u00f3n de Tr\u00e1nsito y Nocturnidad, y de la Polic\u00eda Local cortaran el tr\u00e1nsito, provocando un caos vehicular.<\/p>\n<p>  A pesar de la situaci\u00f3n provocada, el conductor protagonista permaneci\u00f3 en su rodado para evitar que su autom\u00f3vil fuera secuestrado. Mientras, esper\u00f3 que un familiar le alcanzara los papeles necesarios para circular. La documentaci\u00f3n estaba en orden, salvo que no ten\u00eda carnet de conducir motivo por el que se le labr\u00f3 una infracci\u00f3n.<\/p>\n","protected":false},"excerpt":{"rendered":"<p>Un hombre de avanzada edad protagoniz\u00f3 el viernes en la zona c\u00e9ntrica un incidente de tr\u00e1nsito que demor\u00f3 al menos una hora en resolverse. La situaci\u00f3n se produjo cuando el conductor intent\u00f3 estacionar su autom\u00f3vil en calle San Mart\u00edn entre Mitre y Salta, entre dos autom\u00f3viles. Como el espacio era escaso, termin\u00f3 impactando con la [&hellip;]<\/p>\n","protected":false},"author":4,"featured_media":17705,"comment_status":"open","ping_status":"closed","sticky":false,"template":"","format":"standard","meta":{"om_disable_all_campaigns":false,"_jetpack_memberships_contains_paid_content":false,"footnotes":""},"categories":[2,103],"tags":[],"class_list":["post-17701","post","type-post","status-publish","format-standard","has-post-thumbnail","hentry","category-locales","category-policiales-locales"],"aioseo_notices":[],"gutentor_comment":0,"jetpack_featured_media_url":"https:\/\/eldiariodesanpedro.com.ar\/sitio\/wp-content\/uploads\/2017\/04\/transito-noche.jpg","jetpack_shortlink":"https:\/\/wp.me\/p6RhLt-4Bv","jetpack_sharing_enabled":true,"_links":{"self":[{"href":"https:\/\/eldiariodesanpedro.com.ar\/sitio\/wp-json\/wp\/v2\/posts\/17701","targetHints":{"allow":["GET"]}}],"collection":[{"href":"https:\/\/eldiariodesanpedro.com.ar\/sitio\/wp-json\/wp\/v2\/posts"}],"about":[{"href":"https:\/\/eldiariodesanpedro.com.ar\/sitio\/wp-json\/wp\/v2\/types\/post"}],"author":[{"embeddable":true,"href":"https:\/\/eldiariodesanpedro.com.ar\/sitio\/wp-json\/wp\/v2\/users\/4"}],"replies":[{"embeddable":true,"href":"https:\/\/eldiariodesanpedro.com.ar\/sitio\/wp-json\/wp\/v2\/comments?post=17701"}],"version-history":[{"count":1,"href":"https:\/\/eldiariodesanpedro.com.ar\/sitio\/wp-json\/wp\/v2\/posts\/17701\/revisions"}],"predecessor-version":[{"id":17706,"href":"https:\/\/eldiariodesanpedro.com.ar\/sitio\/wp-json\/wp\/v2\/posts\/17701\/revisions\/17706"}],"wp:featuredmedia":[{"embeddable":true,"href":"https:\/\/eldiariodesanpedro.com.ar\/sitio\/wp-json\/wp\/v2\/media\/17705"}],"wp:attachment":[{"href":"https:\/\/eldiariodesanpedro.com.ar\/sitio\/wp-json\/wp\/v2\/media?parent=17701"}],"wp:term":[{"taxonomy":"category","embeddable":true,"href":"https:\/\/eldiariodesanpedro.com.ar\/sitio\/wp-json\/wp\/v2\/categories?post=17701"},{"taxonomy":"post_tag","embeddable":true,"href":"https:\/\/eldiariodesanpedro.com.ar\/sitio\/wp-json\/wp\/v2\/tags?post=17701"}],"curies":[{"name":"wp","href":"https:\/\/api.w.org\/{rel}","templated":true}]}}