{"id":17699,"date":"2017-04-23T18:28:13","date_gmt":"2017-04-23T21:28:13","guid":{"rendered":"https:\/\/eldiariodesanpedro.com.ar\/sitio\/?p=17699"},"modified":"2017-04-23T18:28:13","modified_gmt":"2017-04-23T21:28:13","slug":"tragedia-en-el-arroyo-el-tala-padre-e-hijo-murieron-ahogados","status":"publish","type":"post","link":"https:\/\/eldiariodesanpedro.com.ar\/sitio\/tragedia-en-el-arroyo-el-tala-padre-e-hijo-murieron-ahogados\/","title":{"rendered":"Tragedia en el arroyo El Tala: Padre e hijo murieron ahogados"},"content":{"rendered":"<p><!-- VideographyWP Plugin Message: Automatic video embedding prevented by plugin options. --><br \/>\nEl hecho ocurri\u00f3 en la tarde de este s\u00e1bado en el puente de la Ruta 9 vieja. Buzos t\u00e1cticos de Bomberos Voluntarios y personal de la Subprefectura local fueron convocados para realizar la b\u00fasqueda en el lugar. <\/p>\n<p>  Las personas encontradas fueron identificadas como Jos\u00e9 Roberto Casares de 25 a\u00f1os, quien se hallaba junto a su hijo de 5 a\u00f1os sobre el puente del arroyo El Tala. <\/p>\n<p>  Seg\u00fan se pudo establecer, el menor cay\u00f3 al arroyo y su padre se arroj\u00f3 para socorrerlo. Luego de unos minutos desaparecieron de la superficie.<\/p>\n<p>  El menor fue hallado el s\u00e1bado pasadas las 18 hs. y el adulto en horas de la ma\u00f1ana de hoy<\/p>\n","protected":false},"excerpt":{"rendered":"<p>El hecho ocurri\u00f3 en la tarde de este s\u00e1bado en el puente de la Ruta 9 vieja. Buzos t\u00e1cticos de Bomberos Voluntarios y personal de la Subprefectura local fueron convocados para realizar la b\u00fasqueda en el lugar. Las personas encontradas fueron identificadas como Jos\u00e9 Roberto Casares de 25 a\u00f1os, quien se hallaba junto a su [&hellip;]<\/p>\n","protected":false},"author":4,"featured_media":17700,"comment_status":"open","ping_status":"closed","sticky":false,"template":"","format":"standard","meta":{"om_disable_all_campaigns":false,"_jetpack_memberships_contains_paid_content":false,"footnotes":""},"categories":[50,2,103],"tags":[],"class_list":["post-17699","post","type-post","status-publish","format-standard","has-post-thumbnail","hentry","category-destacadas","category-locales","category-policiales-locales"],"aioseo_notices":[],"gutentor_comment":0,"jetpack_featured_media_url":"https:\/\/eldiariodesanpedro.com.ar\/sitio\/wp-content\/uploads\/2017\/04\/Buzos-t\u00e1cticos-de-Bomberos-Voluntarios-y-personal-de-la-Subprefectura-local-fueron-convocados-para-realizar-la-b\u00fasqueda-en-el-lugar.jpeg","jetpack_shortlink":"https:\/\/wp.me\/p6RhLt-4Bt","jetpack_sharing_enabled":true,"_links":{"self":[{"href":"https:\/\/eldiariodesanpedro.com.ar\/sitio\/wp-json\/wp\/v2\/posts\/17699","targetHints":{"allow":["GET"]}}],"collection":[{"href":"https:\/\/eldiariodesanpedro.com.ar\/sitio\/wp-json\/wp\/v2\/posts"}],"about":[{"href":"https:\/\/eldiariodesanpedro.com.ar\/sitio\/wp-json\/wp\/v2\/types\/post"}],"author":[{"embeddable":true,"href":"https:\/\/eldiariodesanpedro.com.ar\/sitio\/wp-json\/wp\/v2\/users\/4"}],"replies":[{"embeddable":true,"href":"https:\/\/eldiariodesanpedro.com.ar\/sitio\/wp-json\/wp\/v2\/comments?post=17699"}],"version-history":[{"count":1,"href":"https:\/\/eldiariodesanpedro.com.ar\/sitio\/wp-json\/wp\/v2\/posts\/17699\/revisions"}],"predecessor-version":[{"id":17702,"href":"https:\/\/eldiariodesanpedro.com.ar\/sitio\/wp-json\/wp\/v2\/posts\/17699\/revisions\/17702"}],"wp:featuredmedia":[{"embeddable":true,"href":"https:\/\/eldiariodesanpedro.com.ar\/sitio\/wp-json\/wp\/v2\/media\/17700"}],"wp:attachment":[{"href":"https:\/\/eldiariodesanpedro.com.ar\/sitio\/wp-json\/wp\/v2\/media?parent=17699"}],"wp:term":[{"taxonomy":"category","embeddable":true,"href":"https:\/\/eldiariodesanpedro.com.ar\/sitio\/wp-json\/wp\/v2\/categories?post=17699"},{"taxonomy":"post_tag","embeddable":true,"href":"https:\/\/eldiariodesanpedro.com.ar\/sitio\/wp-json\/wp\/v2\/tags?post=17699"}],"curies":[{"name":"wp","href":"https:\/\/api.w.org\/{rel}","templated":true}]}}