{"id":17678,"date":"2017-04-21T21:04:39","date_gmt":"2017-04-22T00:04:39","guid":{"rendered":"https:\/\/eldiariodesanpedro.com.ar\/sitio\/?p=17678"},"modified":"2026-01-24T00:26:31","modified_gmt":"2026-01-24T03:26:31","slug":"polideportivo-intensa-actividad-deportiva-prevista-para-el-fin-de-semana","status":"publish","type":"post","link":"https:\/\/eldiariodesanpedro.com.ar\/sitio\/polideportivo-intensa-actividad-deportiva-prevista-para-el-fin-de-semana\/","title":{"rendered":"POLIDEPORTIVO: Intensa actividad deportiva prevista para el fin de semana"},"content":{"rendered":"<p><!-- VideographyWP Plugin Message: Automatic video embedding prevented by plugin options. --><br \/>\nDurante s\u00e1bado y domingo, entre otras, las actividades previstas son las siguientes:<\/p>\n<p><strong>S\u00e1bado<\/strong><br \/>\n&#8211; Inicio del Torneo de h\u00f3ckey femenino. Participan seis clubes, Mitre, Paran\u00e1, Pescadores, Regatas, Sportivo y Atl\u00e9tico.<br \/>\nEncuentro de escuelas de h\u00f3ckey en N\u00e1utico.<br \/>\n&#8211; Inicio del certamen local de b\u00e1squet con seis instituciones: Sportivo, N\u00e1utico, Paran\u00e1, Mitre, Pescadores e Independencia.<br \/>\nMitre en maxi jugar\u00e1 en su gimnasio por la primera fecha del Torneo ante N\u00e1utico Z\u00e1rate y la primera de N\u00e1utico visit\u00f3 a Uni\u00f3n en la fecha inicial del Torneo de la ABZC.<br \/>\n&#8211; Prociclismo realizar\u00e1 programa para todas las cat. en el Panor\u00e1mico.<br \/>\n&#8211; F\u00fatbol intermedio e infantil.<br \/>\n&#8211; Rugby, amistoso internacional en el Tiro, cat. juveniles y la primera por el certamen de URBA viaja para cotejar con Los Cedros por el ascenso.<\/p>\n<p><strong>Domingo<\/strong><br \/>\n&#8211; Automovilismo nacional y zonal: \u201cMorro\u201d Iglesias en la 4\u00aa fecha de TCPM en La Plata y en Baradero las categor\u00edas zonales de Fedenor.<br \/>\n&#8211; F\u00fatbol de primera divisi\u00f3n de la LDS.<br \/>\n&#8211; N\u00e1utico recibe a La Emilia en V\u00f3ley.<br \/>\n&#8211; Handball, viaja Am\u00e9rica para jugar en San Nicol\u00e1s por el Torneo de Asbalnor.<\/p>\n","protected":false},"excerpt":{"rendered":"<p>Durante s\u00e1bado y domingo, entre otras, las actividades previstas son las siguientes: S\u00e1bado &#8211; Inicio del Torneo de h\u00f3ckey femenino. Participan seis clubes, Mitre, Paran\u00e1, Pescadores, Regatas, Sportivo y Atl\u00e9tico. Encuentro de escuelas de h\u00f3ckey en N\u00e1utico. &#8211; Inicio del certamen local de b\u00e1squet con seis instituciones: Sportivo, N\u00e1utico, Paran\u00e1, Mitre, Pescadores e Independencia. Mitre [&hellip;]<\/p>\n","protected":false},"author":4,"featured_media":17679,"comment_status":"open","ping_status":"closed","sticky":false,"template":"","format":"standard","meta":{"om_disable_all_campaigns":false,"_jetpack_memberships_contains_paid_content":false,"footnotes":""},"categories":[5],"tags":[],"class_list":["post-17678","post","type-post","status-publish","format-standard","has-post-thumbnail","hentry","category-deportes"],"aioseo_notices":[],"gutentor_comment":0,"jetpack_featured_media_url":"https:\/\/eldiariodesanpedro.com.ar\/sitio\/wp-content\/uploads\/2017\/04\/DEPORTES.jpg","jetpack_shortlink":"https:\/\/wp.me\/p6RhLt-4B8","jetpack_sharing_enabled":true,"_links":{"self":[{"href":"https:\/\/eldiariodesanpedro.com.ar\/sitio\/wp-json\/wp\/v2\/posts\/17678","targetHints":{"allow":["GET"]}}],"collection":[{"href":"https:\/\/eldiariodesanpedro.com.ar\/sitio\/wp-json\/wp\/v2\/posts"}],"about":[{"href":"https:\/\/eldiariodesanpedro.com.ar\/sitio\/wp-json\/wp\/v2\/types\/post"}],"author":[{"embeddable":true,"href":"https:\/\/eldiariodesanpedro.com.ar\/sitio\/wp-json\/wp\/v2\/users\/4"}],"replies":[{"embeddable":true,"href":"https:\/\/eldiariodesanpedro.com.ar\/sitio\/wp-json\/wp\/v2\/comments?post=17678"}],"version-history":[{"count":1,"href":"https:\/\/eldiariodesanpedro.com.ar\/sitio\/wp-json\/wp\/v2\/posts\/17678\/revisions"}],"predecessor-version":[{"id":17680,"href":"https:\/\/eldiariodesanpedro.com.ar\/sitio\/wp-json\/wp\/v2\/posts\/17678\/revisions\/17680"}],"wp:featuredmedia":[{"embeddable":true,"href":"https:\/\/eldiariodesanpedro.com.ar\/sitio\/wp-json\/wp\/v2\/media\/17679"}],"wp:attachment":[{"href":"https:\/\/eldiariodesanpedro.com.ar\/sitio\/wp-json\/wp\/v2\/media?parent=17678"}],"wp:term":[{"taxonomy":"category","embeddable":true,"href":"https:\/\/eldiariodesanpedro.com.ar\/sitio\/wp-json\/wp\/v2\/categories?post=17678"},{"taxonomy":"post_tag","embeddable":true,"href":"https:\/\/eldiariodesanpedro.com.ar\/sitio\/wp-json\/wp\/v2\/tags?post=17678"}],"curies":[{"name":"wp","href":"https:\/\/api.w.org\/{rel}","templated":true}]}}