{"id":17669,"date":"2017-04-21T19:06:49","date_gmt":"2017-04-21T22:06:49","guid":{"rendered":"https:\/\/eldiariodesanpedro.com.ar\/sitio\/?p=17669"},"modified":"2017-04-21T20:42:32","modified_gmt":"2017-04-21T23:42:32","slug":"en-una-semana-acercarte-llega-a-san-pedro","status":"publish","type":"post","link":"https:\/\/eldiariodesanpedro.com.ar\/sitio\/en-una-semana-acercarte-llega-a-san-pedro\/","title":{"rendered":"En una semana AcercArte llega a San Pedro"},"content":{"rendered":"<p><!-- VideographyWP Plugin Message: Automatic video embedding prevented by plugin options. --><br \/>\nLa propuesta del Gobierno de la Provincia de Buenos Aires se podr\u00e1 disfrutar el s\u00e1bado 29 y el domingo 30 de abril, en el Paseo P\u00fablico Municipal, donde Miranda y Soledad estar\u00e1n a cargo de los cierres musicales. Adem\u00e1s, Graciela Borges y Juan Gil Navarro brillar\u00e1n en el teatro y \u201cCantando con Adriana\u201d deleitar\u00e1 a los m\u00e1s chicos.<\/p>\n<p>AcercArte es una propuesta cultural estatal del Gobierno de la Provincia de Buenos Aires que recorrer\u00e1 los 135 municipios de la Provincia, para que todos los bonaerenses tengan la posibilidad de disfrutar cultura de excelencia de manera gratuita, durante todo el a\u00f1o, cerca de sus casas.<\/p>\n<p>\u00abPara nosotros es un gran desaf\u00edo llevar a cabo un programa de esta magnitud, que acerca  cultura de excelencia, en distintas disciplinas, a los bonaerenses. Trabajando en equipo con los municipios e incluyendo artistas provinciales. El acceso a la cultura siempre posibilita el desarrollo de mejores personas y sociedades\u00bb, subray\u00f3 Alejandro G\u00f3mez, Ministro de Gesti\u00f3n Cultural de la Provincia de Buenos Aires.<\/p>\n<p>A lo largo de cada jornada, habr\u00e1 shows de stand up,\u200b arte callejero,\u200b una biblioteca m\u00f3vil con libros a disposici\u00f3n, charlas, lecturas; talleres de reutilizaci\u00f3n creativa para todas las edades; artes pl\u00e1sticas; espect\u00e1culos infantiles; conexi\u00f3n con la biblioteca digital; un cine m\u00f3vil y un cine 360\u00ba; bandas en vivo y teatro con obras de reconocidos artistas. Las actividades comienzan a las 15 y finalizan a las 23:30 cada uno de los d\u00edas.<\/p>\n<p>Dentro de las propuestas culturales, adem\u00e1s se lanz\u00f3 La Biblioteca Digital de la Provincia de Buenos Aires: Letras Abiertas, donde pod\u00e9s descargar la aplicaci\u00f3n y leer los mejores libros GRATIS y desde tu celular. Para hacerlo se debe ingresar a: www.gba.gob.ar\/letrasabiertas<br \/>\nA continuaci\u00f3n, el programa completo:<\/p>\n<p>S\u00e1bado 29\/4<br \/>\n15.00 h &#8211; CINE 360\u00b0: Viaje salvaje a la Tierra &#8211; Duraci\u00f3n: 23\u2019.<br \/>\n15.00 h &#8211; CINE M\u00d3VIL: Angry Birds, la pel\u00edcula (Infantiles y familiares) &#8211; Estados Unidos, 2016, 97\u2019.<br \/>\n15.30 h &#8211; BIBLIOTECA: Yo me animo a los libros de grandes: El Quijote &#8211; Taller de lectura recreativa con juegos teatrales, a cargo de Leticia Valls y Nancy Est\u00e9fano P\u00e9rez.<br \/>\n16.00 h &#8211; CINE 360\u00b0: Pink Floyd &#8211; The Dark Side of the Moon &#8211; Duraci\u00f3n: 26\u2019.<br \/>\n16.30 h &#8211; INFANTILES: Rayos y Centellas.<br \/>\n17.30 h &#8211; STAND UP: Juan Acosta.<br \/>\n18.00 h &#8211; CINE 360\u00b0: Viaje salvaje a la Tierra &#8211; Duraci\u00f3n: 23\u2019.<br \/>\n18.00 h &#8211; CINE M\u00d3VIL: Kryptonita (Adultos) &#8211; Argentina, 2015, 80\u2019. Con Juan Palomino, Diego Vel\u00e1zquez, Pablo Rago.<br \/>\n18.30 h &#8211; ARTES PL\u00c1STICAS: Milo Lockett te ense\u00f1a &#8211; Taller de pintura para ni\u00f1os a partir de 4 a\u00f1os. Cupo limitado, por orden de llegada. Las entradas se retiran el mismo d\u00eda de la actividad desde las 15 h en el Puesto de Informes de Acercarte hasta agotar capacidad. Se entregar\u00e1n como m\u00e1ximo dos por adulto y cada una ser\u00e1 v\u00e1lida para un ni\u00f1o. Sin excepci\u00f3n.<br \/>\n19.15 h &#8211; CINE 360\u00b0: Pink Floyd &#8211; The Wall &#8211; Duraci\u00f3n: 26\u2019.19.15 h &#8211;<br \/>\n20.00 h &#8211; M\u00daSICA: Miranda!<br \/>\n21.30 h &#8211; TEATRO: Entre nosotros &#8211; Con Graciela Borges. En el MEC La Palma, Belgrano 961. (Las entradas se retiran el mismo d\u00eda de la funci\u00f3n desde las 15 h en el Puesto de Informes de AcercArte hasta agotar localidades. Se entregar\u00e1n como m\u00e1ximo dos por persona. Apta para todo p\u00fablico).<\/p>\n<p>Domingo 30\/4<br \/>\n15.00 h &#8211; CINE 360\u00b0: Pink Floyd &#8211; The Wall &#8211; Duraci\u00f3n: 26\u2019.<br \/>\n15.00 h &#8211; CINE M\u00d3VIL: La era del hielo 5: Choque de mundos (Infantiles y familiares) &#8211; Estados Unidos, 2016, 94\u2019.<br \/>\n15.30 h &#8211; BIBLIOTECA: Los LibroYasos: La historia del libro &#8211; Espect\u00e1culo teatral infantil.<br \/>\n16.00 h &#8211; CINE 360\u00b0: Viaje salvaje a la Tierra &#8211; Duraci\u00f3n: 23\u2019.<br \/>\n16.30 h &#8211; INFANTILES: Cantando con Adriana.<br \/>\n17.30 h &#8211; STAND UP: Re\u00edd Mortales Comedy Band.<br \/>\n18.00 h &#8211; CINE 360\u00b0: Pink Floyd &#8211; The Dark Side of the Moon &#8211; Duraci\u00f3n: 26\u2019.<br \/>\n18.00 h &#8211; CINE M\u00d3VIL: Me cas\u00e9 con un boludo (Adultos) &#8211; Argentina, 2016, 110\u2019. Con Adri\u00e1n Suar y Valeria Bertuccelli.<br \/>\n18.30 h &#8211; BIBLIOTECA: \u00bfQu\u00e9 leen los escritores? &#8211; Charla con Federico Andahazi.<br \/>\n19.15 h &#8211; CINE 360\u00b0: Pink Floyd &#8211; The Wall &#8211; Duraci\u00f3n: 26\u2019.<br \/>\n20.00 h &#8211; M\u00daSICA: Soledad.<br \/>\n21.30 h &#8211; TEATRO: Shakespeare. Todos y ninguno. Con Juan Gil Navarro. En el MEC La Palma, Belgrano 961. (Las entradas se retiran el mismo d\u00eda de la funci\u00f3n desde las 15 h en el Puesto de Informes de AcercArte hasta agotar localidades. Se entregar\u00e1n como m\u00e1ximo dos por persona. Apta para todo p\u00fablico).<\/p>\n","protected":false},"excerpt":{"rendered":"<p>La propuesta del Gobierno de la Provincia de Buenos Aires se podr\u00e1 disfrutar el s\u00e1bado 29 y el domingo 30 de abril, en el Paseo P\u00fablico Municipal, donde Miranda y Soledad estar\u00e1n a cargo de los cierres musicales. Adem\u00e1s, Graciela Borges y Juan Gil Navarro brillar\u00e1n en el teatro y \u201cCantando con Adriana\u201d deleitar\u00e1 a [&hellip;]<\/p>\n","protected":false},"author":4,"featured_media":17672,"comment_status":"open","ping_status":"closed","sticky":false,"template":"","format":"standard","meta":{"om_disable_all_campaigns":false,"_jetpack_memberships_contains_paid_content":false,"footnotes":""},"categories":[50,101,2],"tags":[],"class_list":["post-17669","post","type-post","status-publish","format-standard","has-post-thumbnail","hentry","category-destacadas","category-interes-general-locales","category-locales"],"aioseo_notices":[],"gutentor_comment":0,"jetpack_featured_media_url":"https:\/\/eldiariodesanpedro.com.ar\/sitio\/wp-content\/uploads\/2017\/04\/Acercarte.jpg","jetpack_shortlink":"https:\/\/wp.me\/p6RhLt-4AZ","jetpack_sharing_enabled":true,"_links":{"self":[{"href":"https:\/\/eldiariodesanpedro.com.ar\/sitio\/wp-json\/wp\/v2\/posts\/17669","targetHints":{"allow":["GET"]}}],"collection":[{"href":"https:\/\/eldiariodesanpedro.com.ar\/sitio\/wp-json\/wp\/v2\/posts"}],"about":[{"href":"https:\/\/eldiariodesanpedro.com.ar\/sitio\/wp-json\/wp\/v2\/types\/post"}],"author":[{"embeddable":true,"href":"https:\/\/eldiariodesanpedro.com.ar\/sitio\/wp-json\/wp\/v2\/users\/4"}],"replies":[{"embeddable":true,"href":"https:\/\/eldiariodesanpedro.com.ar\/sitio\/wp-json\/wp\/v2\/comments?post=17669"}],"version-history":[{"count":1,"href":"https:\/\/eldiariodesanpedro.com.ar\/sitio\/wp-json\/wp\/v2\/posts\/17669\/revisions"}],"predecessor-version":[{"id":17673,"href":"https:\/\/eldiariodesanpedro.com.ar\/sitio\/wp-json\/wp\/v2\/posts\/17669\/revisions\/17673"}],"wp:featuredmedia":[{"embeddable":true,"href":"https:\/\/eldiariodesanpedro.com.ar\/sitio\/wp-json\/wp\/v2\/media\/17672"}],"wp:attachment":[{"href":"https:\/\/eldiariodesanpedro.com.ar\/sitio\/wp-json\/wp\/v2\/media?parent=17669"}],"wp:term":[{"taxonomy":"category","embeddable":true,"href":"https:\/\/eldiariodesanpedro.com.ar\/sitio\/wp-json\/wp\/v2\/categories?post=17669"},{"taxonomy":"post_tag","embeddable":true,"href":"https:\/\/eldiariodesanpedro.com.ar\/sitio\/wp-json\/wp\/v2\/tags?post=17669"}],"curies":[{"name":"wp","href":"https:\/\/api.w.org\/{rel}","templated":true}]}}